{"id":104585,"date":"2020-11-13T13:23:10","date_gmt":"2020-11-13T18:23:10","guid":{"rendered":"https:\/\/linitiative.ca\/International\/loi-cadre-51-17-suivi-de-lexecution-du-programme-provincial\/"},"modified":"2020-11-13T13:23:10","modified_gmt":"2020-11-13T18:23:10","slug":"loi-cadre-51-17-suivi-de-lexecution-du-programme-provincial","status":"publish","type":"post","link":"https:\/\/linitiative.ca\/International\/loi-cadre-51-17-suivi-de-lexecution-du-programme-provincial\/","title":{"rendered":"Loi-cadre 51.17: Suivi de l\u2019ex\u00e9cution du programme provincial"},"content":{"rendered":"<div readability=\"37\">\n<p>Essaouira- Une r\u00e9union de coordination d\u00e9di\u00e9e au suivi de l\u2019ex\u00e9cution du programme d\u2019action provincial inh\u00e9rent \u00e0 la mise en \u0153uvre des projets de d\u00e9clinaison de la loi-cadre 51.17 relative au syst\u00e8me d\u2019\u00e9ducation, de formation et de recherche scientifique, a \u00e9t\u00e9 tenue r\u00e9cemment \u00e0 Essaouira.<\/p>\n<\/div>\n<div readability=\"79\">\n<p>Durant cette r\u00e9union, tenue notamment en pr\u00e9sence du directeur de l\u2019Acad\u00e9mie r\u00e9gionale de l\u2019Education et de la Formation (AREF) de Marrakech-Safi, Moulay Ahmed Karimi, et du Directeur provincial de l\u2019Education nationale, M. Nouredine El Aoufi Laghzaoui,\u00a0il a \u00e9t\u00e9 proc\u00e9d\u00e9 \u00e0 l\u2019examen et \u00e0 la discussion de l\u2019\u00e9tat des lieux d\u2019un ensemble de projets qui font partie de ce programme d\u2019action provincial.<\/p>\n<p>Il s\u2019agit des projets portant sur \u00ab\u00a0la promotion de l\u2019enseignement pr\u00e9scolaire et l\u2019acc\u00e9l\u00e9ration de la cadence de sa g\u00e9n\u00e9ralisation\u00a0\u00bb, \u00ab\u00a0le d\u00e9veloppement d\u2019un syst\u00e8me \u00e9quitable et efficient de soutien social\u00a0\u00bb, \u00ab\u00a0la garantie d\u2019acc\u00e8s \u00e0 la scolarisation des enfants en situation de handicap ou \u00e0 besoins sp\u00e9cifiques\u00a0\u00bb, \u00ab\u00a0l\u2019assurance de la scolarisation de rattrapage et l\u2019am\u00e9lioration de l\u2019efficacit\u00e9 de l\u2019\u00e9ducation non formelle\u00a0\u00bb et \u00ab\u00a0la mise \u00e0 niveau int\u00e9gr\u00e9e des \u00e9tablissements de l\u2019\u00e9ducation et de la formation\u00a0\u00bb.<\/p>\n<p>En marge de cette r\u00e9union de coordination, M. Karimi a effectu\u00e9 des visites \u00e0 plusieurs \u00e9tablissements scolaires relevant de la Direction provinciale de l\u2019Education nationale \u00e0 Essaouira, dont les \u00e9coles de la 2\u00e8me chance (\u00e9ducation non formelle) et de la 2\u00e8me chance nouvelle g\u00e9n\u00e9ration.<\/p>\n<p>Au cours de ces visites, le directeur de l\u2019AREF de Marrakech-Safi s\u2019est notamment enquis du d\u00e9roulement des cours dans ces \u00e9tablissements et du respect des mesures pr\u00e9ventives et du protocole sanitaire en vigueur pour enrayer la propagation de la pand\u00e9mie de la Covid-19 en milieu scolaire, conform\u00e9ment aux directives \u00e9mises par le minist\u00e8re de tutelle.<\/p>\n<p>A noter que le Comit\u00e9 provincial de pilotage pour le suivi de la mise en \u0153uvre des projets de d\u00e9clinaison de la loi-cadre 51.17 relative au syst\u00e8me d\u2019\u00e9ducation, de formation et de recherche scientifique avait tenu, r\u00e9cemment \u00e0 Essaouira, une r\u00e9union consacr\u00e9e \u00e0 la pr\u00e9sentation, \u00e0 l\u2019examen et \u00e0 l\u2019adoption du portefeuille desdits projets.<\/p>\n<p>Ce portefeuille comprend 18 projets int\u00e9gr\u00e9s, r\u00e9partis sur trois domaines d\u2019intervention strat\u00e9giques, \u00e0 savoir l\u2019\u00e9quit\u00e9 et l\u2019\u00e9galit\u00e9 des chances (7 projets), la promotion de la qualit\u00e9 de l\u2019enseignement et de la formation (7 projets) ainsi que la gouvernance du syst\u00e8me et la mobilisation (4 projets).<\/p>\n<\/div>\n<p>Auteur: Mohammed KOURSI<br \/>\n<a href=\"http:\/\/www.mapmarrakech.ma\/fr\/loi-cadre-51-17-suivi-de-lexecution-du-programme-daction-provincial\/\">Cliquez ici pour lire l&rsquo;article depuis sa source.<\/a><\/p>\n","protected":false},"excerpt":{"rendered":"<p>Essaouira- Une r\u00e9union de coordination d\u00e9di\u00e9e au suivi de l\u2019ex\u00e9cution du programme d\u2019action provincial inh\u00e9rent \u00e0 la mise en \u0153uvre des projets de d\u00e9clinaison de la loi-cadre 51.17 relative au syst\u00e8me d\u2019\u00e9ducation, de formation et de recherche scientifique, a \u00e9t\u00e9 tenue r\u00e9cemment \u00e0 Essaouira. Durant cette r\u00e9union, tenue notamment en pr\u00e9sence du directeur de l\u2019Acad\u00e9mie [&hellip;]<\/p>\n","protected":false},"author":1788,"featured_media":0,"comment_status":"closed","ping_status":"closed","sticky":false,"template":"","format":"standard","meta":{"fifu_image_url":"","fifu_image_alt":"","footnotes":""},"categories":[54,76],"tags":[],"class_list":["post-104585","post","type-post","status-publish","format-standard","hentry","category-maroc","category-regions"],"_links":{"self":[{"href":"https:\/\/linitiative.ca\/International\/wp-json\/wp\/v2\/posts\/104585","targetHints":{"allow":["GET"]}}],"collection":[{"href":"https:\/\/linitiative.ca\/International\/wp-json\/wp\/v2\/posts"}],"about":[{"href":"https:\/\/linitiative.ca\/International\/wp-json\/wp\/v2\/types\/post"}],"author":[{"embeddable":true,"href":"https:\/\/linitiative.ca\/International\/wp-json\/wp\/v2\/users\/1788"}],"replies":[{"embeddable":true,"href":"https:\/\/linitiative.ca\/International\/wp-json\/wp\/v2\/comments?post=104585"}],"version-history":[{"count":0,"href":"https:\/\/linitiative.ca\/International\/wp-json\/wp\/v2\/posts\/104585\/revisions"}],"wp:attachment":[{"href":"https:\/\/linitiative.ca\/International\/wp-json\/wp\/v2\/media?parent=104585"}],"wp:term":[{"taxonomy":"category","embeddable":true,"href":"https:\/\/linitiative.ca\/International\/wp-json\/wp\/v2\/categories?post=104585"},{"taxonomy":"post_tag","embeddable":true,"href":"https:\/\/linitiative.ca\/International\/wp-json\/wp\/v2\/tags?post=104585"}],"curies":[{"name":"wp","href":"https:\/\/api.w.org\/{rel}","templated":true}]}}