{"id":104586,"date":"2020-11-13T07:00:55","date_gmt":"2020-11-13T12:00:55","guid":{"rendered":"https:\/\/linitiative.ca\/International\/culture-de-la-banane-a-jijel-le-jeune-zoheir-fatssi-concretise-son-reve\/"},"modified":"2020-11-13T07:00:55","modified_gmt":"2020-11-13T12:00:55","slug":"culture-de-la-banane-a-jijel-le-jeune-zoheir-fatssi-concretise-son-reve","status":"publish","type":"post","link":"https:\/\/linitiative.ca\/International\/culture-de-la-banane-a-jijel-le-jeune-zoheir-fatssi-concretise-son-reve\/","title":{"rendered":"Culture de la banane \u00e0 Jijel : le jeune Zoheir Fatssi concr\u00e9tise son r\u00eave"},"content":{"rendered":"<div>\n<div class=\"K2FeedImage\"><img decoding=\"async\" src=\"http:\/\/www.aps.dz\/media\/k2\/items\/cache\/09a6f029f2e4f13122182729ef8c4b3b_S.jpg\" alt=\"Culture de la banane \u00e0 Jijel : le jeune Zoheir Fatssi concr\u00e9tise son r\u00eave\"><\/div>\n<div class=\"K2FeedIntroText\">\n<p><strong>JIJEL- Le jeune Zoheir Fatssi a r\u00e9ussi \u00e0 relancer la culture de la banane dans la wilaya de Jijel, en recourant \u00e0 la culture sous serres multi-chapelles, dont les primeurs sont attendues avant la fin du mois en cours.<\/strong><\/p>\n<\/div>\n<div class=\"K2FeedFullText\">\n<p>Dans sa ferme situ\u00e9e dans la r\u00e9gion de Guemar, dans la commune de Chekfa, Zoheir a fait part \u00e0 l\u2019APS de son \u00ab\u00a0r\u00eave\u00a0\u00bb qui commence \u00e0 se r\u00e9aliser depuis l&rsquo;apparition des premi\u00e8res bananes, un produit tr\u00e8s demand\u00e9 sur le march\u00e9 local, pr\u00e9cisant attendre ce moment depuis 14 mois, la p\u00e9riode n\u00e9cessaire \u00e0 la floraison avant la fructification qui intervient par la suite tous les 7 mois.<\/p>\n<blockquote>\n<p><em><strong>Ayant concr\u00e9tis\u00e9 ce projet dans le cadre d\u2019un financement de l&rsquo;Agence nationale de soutien \u00e0 l&#8217;emploi des jeunes (ANSEJ), Zoheir a indiqu\u00e9 que le succ\u00e8s r\u00e9alis\u00e9 est le\u00a0 r\u00e9sultat d&rsquo;effots consentis tout au long de plusieurs phases.<\/strong><\/em><\/p>\n<\/blockquote>\n<p>Et d\u2019ajouter : \u00ab\u00a0J&rsquo;ai d&rsquo;abord \u00e9tudi\u00e9 la faisabilit\u00e9 de la culture de ce fruit avec le soutien de la Chambre d\u2019agriculture, et apr\u00e8s avoir \u00e9t\u00e9 certain que ce projet serait rentable, j&rsquo;ai suivi une formation sur la plantation des bananiers puis j\u2019ai d\u00e9pos\u00e9 un dossier afin de solliciter un soutien financier aupr\u00e8s de l&rsquo;Agence nationale pour le soutien \u00e0 l&#8217;emploi des jeunes de Jijel\u00a0\u00bb.<\/p>\n<blockquote>\n<p><em><strong>Apr\u00e8s l\u2019approbation de mon dossier, Zoheir a lou\u00e9 une terre agricole pour y implanter ses bananiers, car n&rsquo;en poss\u00e9dant pas une. le jeune agriculteur y a install\u00e9 une serre en plastique multi-chapelles achet\u00e9e \u00e0 pr\u00e8s de 10 millions de dinars.<\/strong><\/em><\/p>\n<\/blockquote>\n<p>Il a veill\u00e9 soigneusement \u00e0 surveiller l\u2019\u00e9volution de la culture de bananiers, \u00e0 partir de la plantation des plants jusqu\u2019\u00e0 l&rsquo;\u00e9mergence des premiers rameaux renfermant environ 50 kg de bananes dans un premier temps, avant d\u2019atteindre 70 kg ou plus durant la seconde production apr\u00e8s 7 mois.<\/p>\n<p>Parmi les premiers indices du succ\u00e8s de son projet, Zoheir a fait par des contacts d&rsquo;un grossiste d\u00e9sirant lui acheter l&rsquo;int\u00e9gralit\u00e9 de sa production, en plus de diverses autres sollicitations \u00e9manant d\u2019investisseurs locaux en qu\u00eate de plants de bananiers.<\/p>\n<p>\u00ab\u00a0Dans un premier temps, j\u2019ai c\u00e9d\u00e9 300 plants \u00e0 un jeune homme de la r\u00e9gion ayant exprim\u00e9 le souhait d\u2019entreprendre un investissement similaire\u00a0\u00bb, a-t-il dit.<\/p>\n<blockquote>\n<p><em><strong>Concernant la qualit\u00e9 de sa production, Zoheir a indiqu\u00e9 que \u00ab\u00a0la banane locale aura\u00a0 incontestablement un \u00e9cho favorable, car elle diff\u00e8re grandement des bananes import\u00e9es, que ce soit en mati\u00e8re de saveur que de parfum\u00a0\u00bb, assurant ne pas avoir recouru aux engrais et que son fruit dont la longueur varie entre 20 et 32 cm est \u00ab\u00a0100% bio\u00a0\u00bb.<\/strong><\/em><\/p>\n<\/blockquote>\n<p>Par ailleurs, dans la perspective de vendre sa production sur le march\u00e9 local au cours de ce mois, Zoheir ambitionne de d\u00e9ployer son investissement en cr\u00e9ant une \u00ab\u00a0p\u00e9pini\u00e8re de bananiers\u00a0\u00bb, dans le but de fournir des plants \u00e0 de jeunes exploitants ambitionnant de se lancer dans l&rsquo;agriculture de ce<\/p>\n<p>fruit, faisant \u00e9galement part de son d\u00e9sir d\u2019acqu\u00e9rir une terre agricole pour en finir avec la location\u00a0\u00bb.<\/p>\n<p>\u00a0<\/p>\n<p><strong>\u00a0La culture de la banane sous serre, un investissement rentable <\/strong><\/p>\n<p>\u00a0<\/p>\n<p>De son c\u00f4t\u00e9, Yacine Zeddam, secr\u00e9taire g\u00e9n\u00e9ral de la Chambre d\u2019agriculture de Jijel, a fait savoir \u00e0 l\u2019APS que la production de bananes sous serres multi-chapelles est \u00ab\u00a0un investissement rentable\u00a0\u00bb.<\/p>\n<p>Il a indiqu\u00e9 que la chambre de l&rsquo;agriculture a pr\u00eat\u00e9 assistance, technique essentiellement, \u00e0 trois jeunes de la wilaya de Jijel, \u00e0 l\u2019instar de Zoheir Fatssi, et qui s\u2019est sold\u00e9e par des r\u00e9sultats \u00ab\u00a0satisfaisants d\u00e8s les premi\u00e8res \u00e9tapes de la production\u00a0\u00bb.<\/p>\n<p>\u00ab\u00a0L\u2019utilisation de serres multi-chapelles d\u2019une hauteur de plus de 6 m\u00e8tres a permis de fortifier la culture et de ne pas exploiter de grandes surfaces agricoles, et ce, avec un rendement amplifi\u00e9 puisque 1000 arbustes peuvent \u00eatre plant\u00e9s dans chaque serre avec une production pr\u00e9visionnelle oscillant entre 60 et 100 kg par arbre, \u00e9quivalant \u00e0 une production totale de 100 tonnes dans chaque serre\u00a0\u00bb, a relev\u00e9 le m\u00eame responsable.<\/p>\n<blockquote>\n<p><em><strong>Zeddam a \u00e9galement soulign\u00e9 que l&rsquo;exp\u00e9rience men\u00e9e par la Chambre d\u2019agriculture avec le jeune Zoheir, \u00e0 travers son accompagnement constant, a permis d\u2019accroitre cette culture \u00e0 travers la plantation de 1100 plants environ dans seulement un quart d&rsquo;hectare pour un r\u00e9sultat \u00ab\u00a0tr\u00e8s satisfaisant puisque tous les plants ont donn\u00e9 des fruits en abondance, soit quatre fois une culture de fa\u00e7on ordinai<\/strong><\/em>re\u00a0\u00bb, a-t-il dit.<\/p>\n<\/blockquote>\n<p>Dans ce m\u00eame contexte, le SG de la Chambre d\u2019agriculture de Jijel a relev\u00e9 l&rsquo;importance de s&rsquo;engager dans ce type d&rsquo;agriculture \u00ab\u00a0fructueuse\u00a0\u00bb qui permettra au consommateur alg\u00e9rien d\u2019en conna\u00eetre les origines et la qualit\u00e9 du produit par rapport au fruit import\u00e9, en plus de \u00ab\u00a0contribuer, apr\u00e8s le succ\u00e8s de cette culture au niveau national, de r\u00e9duire la facture d&rsquo;importation et d\u2019engranger de la devise forte\u00a0\u00bb.<\/p>\n<\/div>\n<\/div>\n<p>Auteur:<br \/>\n<a href=\"http:\/\/www.aps.dz\/regions\/112744-culture-de-la-banane-a-jijel-le-jeune-zoheir-fatssi-concretise-son-reve\">Cliquez ici pour lire l&rsquo;article depuis sa source.<\/a><\/p>\n","protected":false},"excerpt":{"rendered":"<p>JIJEL- Le jeune Zoheir Fatssi a r\u00e9ussi \u00e0 relancer la culture de la banane dans la wilaya de Jijel, en recourant \u00e0 la culture sous serres multi-chapelles, dont les primeurs sont attendues avant la fin du mois en cours. Dans sa ferme situ\u00e9e dans la r\u00e9gion de Guemar, dans la commune de Chekfa, Zoheir a [&hellip;]<\/p>\n","protected":false},"author":1790,"featured_media":104587,"comment_status":"closed","ping_status":"closed","sticky":false,"template":"","format":"standard","meta":{"fifu_image_url":"","fifu_image_alt":"","footnotes":""},"categories":[53,76],"tags":[],"class_list":["post-104586","post","type-post","status-publish","format-standard","has-post-thumbnail","hentry","category-algerie","category-regions"],"_links":{"self":[{"href":"https:\/\/linitiative.ca\/International\/wp-json\/wp\/v2\/posts\/104586","targetHints":{"allow":["GET"]}}],"collection":[{"href":"https:\/\/linitiative.ca\/International\/wp-json\/wp\/v2\/posts"}],"about":[{"href":"https:\/\/linitiative.ca\/International\/wp-json\/wp\/v2\/types\/post"}],"author":[{"embeddable":true,"href":"https:\/\/linitiative.ca\/International\/wp-json\/wp\/v2\/users\/1790"}],"replies":[{"embeddable":true,"href":"https:\/\/linitiative.ca\/International\/wp-json\/wp\/v2\/comments?post=104586"}],"version-history":[{"count":0,"href":"https:\/\/linitiative.ca\/International\/wp-json\/wp\/v2\/posts\/104586\/revisions"}],"wp:featuredmedia":[{"embeddable":true,"href":"https:\/\/linitiative.ca\/International\/wp-json\/"}],"wp:attachment":[{"href":"https:\/\/linitiative.ca\/International\/wp-json\/wp\/v2\/media?parent=104586"}],"wp:term":[{"taxonomy":"category","embeddable":true,"href":"https:\/\/linitiative.ca\/International\/wp-json\/wp\/v2\/categories?post=104586"},{"taxonomy":"post_tag","embeddable":true,"href":"https:\/\/linitiative.ca\/International\/wp-json\/wp\/v2\/tags?post=104586"}],"curies":[{"name":"wp","href":"https:\/\/api.w.org\/{rel}","templated":true}]}}