{"id":104589,"date":"2020-11-13T14:53:34","date_gmt":"2020-11-13T19:53:34","guid":{"rendered":"https:\/\/linitiative.ca\/International\/les-projets-de-loi-programmes-au-conseil-du-gouvernement\/"},"modified":"2020-11-13T14:53:34","modified_gmt":"2020-11-13T19:53:34","slug":"les-projets-de-loi-programmes-au-conseil-du-gouvernement","status":"publish","type":"post","link":"https:\/\/linitiative.ca\/International\/les-projets-de-loi-programmes-au-conseil-du-gouvernement\/","title":{"rendered":"Les projets de loi programm\u00e9s au Conseil du gouvernement"},"content":{"rendered":"<div class=\"body\">\n<div class=\"field field-name-body field-type-text-with-summary field-label-hidden\">\n<div class=\"field-items\" readability=\"10\">\n<div class=\"field-item even\" property=\"content:encoded\" readability=\"15\">\n<p class=\"rtejustify\">La r\u00e9union du Conseil du gouvernement, programm\u00e9e aujourd\u2019hui, sera consacr\u00e9e \u00e0 l\u2019examen d\u2019une s\u00e9rie de projets de loi portant approbation des d\u00e9crets loi adopt\u00e9s lors de la p\u00e9riode d\u2019inter-sessions parlementaire. C\u2019est le cas notamment du texte sur l\u2019\u00e9tat d\u2019urgence sanitaire, celui sur la r\u00e9organisation de Casa Finance city, sur les amendes pour le r\u00e9tablissement du droit d\u2019\u00e9mission des ch\u00e8ques, ainsi que sur les mesures exceptionnelles en faveur des employeurs et leurs salari\u00e9s d\u00e9clar\u00e9s \u00e0 la CNSS.<br \/><em>\u00a0M.A.M.<\/em><\/p>\n<\/div>\n<\/div>\n<\/div>\n<\/div>\n<div class=\"eco-conseil\">\n<div class=\"view view-eco-conseil-16 view-id-eco_conseil_16 view-display-id-cookies view-dom-id-e7073f364a0e28ff63996f60d41316f5\">\n<div class=\"view-content\">\n<div id=\"views-bootstrap-grid-1\" class=\"views-bootstrap-grid-plugin-style\">\n<div class=\"row\">\n<div class=\" col-xs-12 col-lg-4\">\n<div class=\"row\">\n<div class=\"col col-xs-12 col-lg-12\">\n<div class=\"field-content\"><a href=\"\/article\/1069591-doctorat-fini-les-recrutements-directs\"><img loading=\"lazy\" decoding=\"async\" class=\"img-responsive\" typeof=\"foaf:Image\" src=\"https:\/\/www.leconomiste.com\/sites\/default\/files\/eco7\/public\/styles\/800x400\/public\/default_images\/default_une.jpg?itok=4jZlgnIZ\" width=\"660\" height=\"330\" alt=\"\"\/><\/a><\/div>\n<\/div>\n<div class=\" title_suite_2 col col-xs-12 col-lg-12\"> <a href=\"\/article\/1069591-doctorat-fini-les-recrutements-directs\"\/><span class=\"field-content\">Doctorat: Fini les recrutements directs<\/span><\/div>\n<\/div>\n<\/div>\n<div class=\" col-xs-12 col-lg-4\">\n<div class=\"row\">\n<div class=\"col col-xs-12 col-lg-12\">\n<div class=\"field-content\"><a href=\"\/article\/1069590-la-formation-continue-gardera-tout-son-budget\"><img loading=\"lazy\" decoding=\"async\" class=\"img-responsive\" typeof=\"foaf:Image\" src=\"https:\/\/www.leconomiste.com\/sites\/default\/files\/eco7\/public\/styles\/800x400\/public\/default_images\/default_une.jpg?itok=4jZlgnIZ\" width=\"660\" height=\"330\" alt=\"\"\/><\/a><\/div>\n<\/div>\n<div class=\" title_suite_2 col col-xs-12 col-lg-12\"> <a href=\"\/article\/1069590-la-formation-continue-gardera-tout-son-budget\"\/><span class=\"field-content\">La formation continue gardera tout son budget<\/span><\/div>\n<\/div>\n<\/div>\n<div class=\" col-xs-12 col-lg-4\">\n<div class=\"row\">\n<div class=\"col col-xs-12 col-lg-12\">\n<div class=\"field-content\"><a href=\"\/article\/1069589-tourisme-11-etablissements-de-formation-transferes-l-education-nationale\"><img loading=\"lazy\" decoding=\"async\" class=\"img-responsive\" typeof=\"foaf:Image\" src=\"https:\/\/www.leconomiste.com\/sites\/default\/files\/eco7\/public\/styles\/800x400\/public\/default_images\/default_une.jpg?itok=4jZlgnIZ\" width=\"660\" height=\"330\" alt=\"\"\/><\/a><\/div>\n<\/div>\n<div class=\" title_suite_2 col col-xs-12 col-lg-12\"> <a href=\"\/article\/1069589-tourisme-11-etablissements-de-formation-transferes-l-education-nationale\"\/><span class=\"field-content\">Tourisme: 11 \u00e9tablissements de formation transf\u00e9r\u00e9s \u00e0 l\u2019Education nationale<\/span><\/div>\n<\/div>\n<\/div>\n<\/div>\n<\/div>\n<\/div>\n<\/div>\n<\/div>\n<p>Auteur: hlafriqi<br \/>\n<a href=\"https:\/\/www.leconomiste.com\/article\/1069587-les-projets-de-loi-programmes-au-conseil-du-gouvernement\">Cliquez ici pour lire l&rsquo;article depuis sa source.<\/a><\/p>\n","protected":false},"excerpt":{"rendered":"<p>La r\u00e9union du Conseil du gouvernement, programm\u00e9e aujourd\u2019hui, sera consacr\u00e9e \u00e0 l\u2019examen d\u2019une s\u00e9rie de projets de loi portant approbation des d\u00e9crets loi adopt\u00e9s lors de la p\u00e9riode d\u2019inter-sessions parlementaire. C\u2019est le cas notamment du texte sur l\u2019\u00e9tat d\u2019urgence sanitaire, celui sur la r\u00e9organisation de Casa Finance city, sur les amendes pour le r\u00e9tablissement du [&hellip;]<\/p>\n","protected":false},"author":1763,"featured_media":0,"comment_status":"closed","ping_status":"closed","sticky":false,"template":"","format":"standard","meta":{"fifu_image_url":"","fifu_image_alt":"","footnotes":""},"categories":[78,54],"tags":[],"class_list":["post-104589","post","type-post","status-publish","format-standard","hentry","category-economie","category-maroc"],"_links":{"self":[{"href":"https:\/\/linitiative.ca\/International\/wp-json\/wp\/v2\/posts\/104589","targetHints":{"allow":["GET"]}}],"collection":[{"href":"https:\/\/linitiative.ca\/International\/wp-json\/wp\/v2\/posts"}],"about":[{"href":"https:\/\/linitiative.ca\/International\/wp-json\/wp\/v2\/types\/post"}],"author":[{"embeddable":true,"href":"https:\/\/linitiative.ca\/International\/wp-json\/wp\/v2\/users\/1763"}],"replies":[{"embeddable":true,"href":"https:\/\/linitiative.ca\/International\/wp-json\/wp\/v2\/comments?post=104589"}],"version-history":[{"count":0,"href":"https:\/\/linitiative.ca\/International\/wp-json\/wp\/v2\/posts\/104589\/revisions"}],"wp:attachment":[{"href":"https:\/\/linitiative.ca\/International\/wp-json\/wp\/v2\/media?parent=104589"}],"wp:term":[{"taxonomy":"category","embeddable":true,"href":"https:\/\/linitiative.ca\/International\/wp-json\/wp\/v2\/categories?post=104589"},{"taxonomy":"post_tag","embeddable":true,"href":"https:\/\/linitiative.ca\/International\/wp-json\/wp\/v2\/tags?post=104589"}],"curies":[{"name":"wp","href":"https:\/\/api.w.org\/{rel}","templated":true}]}}