{"id":104590,"date":"2020-11-13T14:53:36","date_gmt":"2020-11-13T19:53:36","guid":{"rendered":"https:\/\/linitiative.ca\/International\/transactions-electroniques-le-projet-de-loi-arrive-au-parlement\/"},"modified":"2020-11-13T14:53:36","modified_gmt":"2020-11-13T19:53:36","slug":"transactions-electroniques-le-projet-de-loi-arrive-au-parlement","status":"publish","type":"post","link":"https:\/\/linitiative.ca\/International\/transactions-electroniques-le-projet-de-loi-arrive-au-parlement\/","title":{"rendered":"Transactions \u00e9lectroniques: Le projet de loi arrive au Parlement"},"content":{"rendered":"<div class=\"body\">\n<div class=\"field field-name-body field-type-text-with-summary field-label-hidden\">\n<div class=\"field-items\" readability=\"8\">\n<div class=\"field-item even\" property=\"content:encoded\" readability=\"11\">\n<p class=\"rtejustify\">Le projet de loi relatif aux services de confiance pour les transactions \u00e9lectroniques a \u00e9t\u00e9 d\u00e9pos\u00e9 au Parlement. Ce texte a \u00e9t\u00e9 transf\u00e9r\u00e9 \u00e0 la Commission des affaires \u00e9trang\u00e8res et de la d\u00e9fense nationale, hier mercredi. Il vise \u00e0 \u00e9tablir un r\u00e9gime plus inclusif qui permet la num\u00e9risation de la majorit\u00e9 des transactions \u00e9lectroniques et conf\u00e9rer une plus grande flexibilit\u00e9 pour une large utilisation de la signature \u00e9lectronique.<br \/><em>\u00a0M.A.M.<\/em><\/p>\n<\/div>\n<\/div>\n<\/div>\n<\/div>\n<div class=\"eco-conseil\">\n<div class=\"view view-eco-conseil-16 view-id-eco_conseil_16 view-display-id-cookies view-dom-id-bd7e772ff9d0988d0c1f8b6d7fabdbe0\">\n<div class=\"view-content\">\n<div id=\"views-bootstrap-grid-1\" class=\"views-bootstrap-grid-plugin-style\">\n<div class=\"row\">\n<div class=\" col-xs-12 col-lg-4\">\n<div class=\"row\">\n<div class=\"col col-xs-12 col-lg-12\">\n<div class=\"field-content\"><a href=\"\/article\/1069591-doctorat-fini-les-recrutements-directs\"><img loading=\"lazy\" decoding=\"async\" class=\"img-responsive\" typeof=\"foaf:Image\" src=\"https:\/\/www.leconomiste.com\/sites\/default\/files\/eco7\/public\/styles\/800x400\/public\/default_images\/default_une.jpg?itok=4jZlgnIZ\" width=\"660\" height=\"330\" alt=\"\"\/><\/a><\/div>\n<\/div>\n<div class=\" title_suite_2 col col-xs-12 col-lg-12\"> <a href=\"\/article\/1069591-doctorat-fini-les-recrutements-directs\"\/><span class=\"field-content\">Doctorat: Fini les recrutements directs<\/span><\/div>\n<\/div>\n<\/div>\n<div class=\" col-xs-12 col-lg-4\">\n<div class=\"row\">\n<div class=\"col col-xs-12 col-lg-12\">\n<div class=\"field-content\"><a href=\"\/article\/1069590-la-formation-continue-gardera-tout-son-budget\"><img loading=\"lazy\" decoding=\"async\" class=\"img-responsive\" typeof=\"foaf:Image\" src=\"https:\/\/www.leconomiste.com\/sites\/default\/files\/eco7\/public\/styles\/800x400\/public\/default_images\/default_une.jpg?itok=4jZlgnIZ\" width=\"660\" height=\"330\" alt=\"\"\/><\/a><\/div>\n<\/div>\n<div class=\" title_suite_2 col col-xs-12 col-lg-12\"> <a href=\"\/article\/1069590-la-formation-continue-gardera-tout-son-budget\"\/><span class=\"field-content\">La formation continue gardera tout son budget<\/span><\/div>\n<\/div>\n<\/div>\n<div class=\" col-xs-12 col-lg-4\">\n<div class=\"row\">\n<div class=\"col col-xs-12 col-lg-12\">\n<div class=\"field-content\"><a href=\"\/article\/1069589-tourisme-11-etablissements-de-formation-transferes-l-education-nationale\"><img loading=\"lazy\" decoding=\"async\" class=\"img-responsive\" typeof=\"foaf:Image\" src=\"https:\/\/www.leconomiste.com\/sites\/default\/files\/eco7\/public\/styles\/800x400\/public\/default_images\/default_une.jpg?itok=4jZlgnIZ\" width=\"660\" height=\"330\" alt=\"\"\/><\/a><\/div>\n<\/div>\n<div class=\" title_suite_2 col col-xs-12 col-lg-12\"> <a href=\"\/article\/1069589-tourisme-11-etablissements-de-formation-transferes-l-education-nationale\"\/><span class=\"field-content\">Tourisme: 11 \u00e9tablissements de formation transf\u00e9r\u00e9s \u00e0 l\u2019Education nationale<\/span><\/div>\n<\/div>\n<\/div>\n<\/div>\n<\/div>\n<\/div>\n<\/div>\n<\/div>\n<p>Auteur: hlafriqi<br \/>\n<a href=\"https:\/\/www.leconomiste.com\/article\/1069588-transactions-electroniques-le-projet-de-loi-arrive-au-parlement\">Cliquez ici pour lire l&rsquo;article depuis sa source.<\/a><\/p>\n","protected":false},"excerpt":{"rendered":"<p>Le projet de loi relatif aux services de confiance pour les transactions \u00e9lectroniques a \u00e9t\u00e9 d\u00e9pos\u00e9 au Parlement. Ce texte a \u00e9t\u00e9 transf\u00e9r\u00e9 \u00e0 la Commission des affaires \u00e9trang\u00e8res et de la d\u00e9fense nationale, hier mercredi. Il vise \u00e0 \u00e9tablir un r\u00e9gime plus inclusif qui permet la num\u00e9risation de la majorit\u00e9 des transactions \u00e9lectroniques et [&hellip;]<\/p>\n","protected":false},"author":1763,"featured_media":0,"comment_status":"closed","ping_status":"closed","sticky":false,"template":"","format":"standard","meta":{"fifu_image_url":"","fifu_image_alt":"","footnotes":""},"categories":[78,54],"tags":[],"class_list":["post-104590","post","type-post","status-publish","format-standard","hentry","category-economie","category-maroc"],"_links":{"self":[{"href":"https:\/\/linitiative.ca\/International\/wp-json\/wp\/v2\/posts\/104590","targetHints":{"allow":["GET"]}}],"collection":[{"href":"https:\/\/linitiative.ca\/International\/wp-json\/wp\/v2\/posts"}],"about":[{"href":"https:\/\/linitiative.ca\/International\/wp-json\/wp\/v2\/types\/post"}],"author":[{"embeddable":true,"href":"https:\/\/linitiative.ca\/International\/wp-json\/wp\/v2\/users\/1763"}],"replies":[{"embeddable":true,"href":"https:\/\/linitiative.ca\/International\/wp-json\/wp\/v2\/comments?post=104590"}],"version-history":[{"count":0,"href":"https:\/\/linitiative.ca\/International\/wp-json\/wp\/v2\/posts\/104590\/revisions"}],"wp:attachment":[{"href":"https:\/\/linitiative.ca\/International\/wp-json\/wp\/v2\/media?parent=104590"}],"wp:term":[{"taxonomy":"category","embeddable":true,"href":"https:\/\/linitiative.ca\/International\/wp-json\/wp\/v2\/categories?post=104590"},{"taxonomy":"post_tag","embeddable":true,"href":"https:\/\/linitiative.ca\/International\/wp-json\/wp\/v2\/tags?post=104590"}],"curies":[{"name":"wp","href":"https:\/\/api.w.org\/{rel}","templated":true}]}}