{"id":104591,"date":"2020-11-13T14:53:38","date_gmt":"2020-11-13T19:53:38","guid":{"rendered":"https:\/\/linitiative.ca\/International\/tourisme-11-etablissements-de-formation-transferes-a-leducation-nationale\/"},"modified":"2020-11-13T14:53:38","modified_gmt":"2020-11-13T19:53:38","slug":"tourisme-11-etablissements-de-formation-transferes-a-leducation-nationale","status":"publish","type":"post","link":"https:\/\/linitiative.ca\/International\/tourisme-11-etablissements-de-formation-transferes-a-leducation-nationale\/","title":{"rendered":"Tourisme: 11 \u00e9tablissements de formation transf\u00e9r\u00e9s  \u00e0 l\u2019Education nationale"},"content":{"rendered":"<div class=\"body\">\n<div class=\"field field-name-body field-type-text-with-summary field-label-hidden\">\n<div class=\"field-items\" readability=\"9.5\">\n<div class=\"field-item even\" property=\"content:encoded\" readability=\"14\">\n<p class=\"rtejustify\">L\u2019un des amendements au projet de loi de finances 2021, d\u00e9pos\u00e9s par le gouvernement, concerne les Services de l\u2019Etat g\u00e9r\u00e9s de mani\u00e8re autonome (Segma) qui seront supprim\u00e9s. Parmi ces structures figurent les 11 \u00e9tablissements de formation touristique et h\u00f4teli\u00e8re, relevant du minist\u00e8re du Tourisme. A partir du 1er janvier 2021, ces \u00e9tablissements seront rattach\u00e9s au minist\u00e8re de l\u2019Education et de la Formation professionnelle en vertu d\u2019une convention de partenariat en cours de finalisation avec le d\u00e9partement du Tourisme. Certains \u00e9tablissements seront requalifi\u00e9s en lyc\u00e9es techniques.<br \/><em>H.E.<\/em><\/p>\n<\/div>\n<\/div>\n<\/div>\n<\/div>\n<div class=\"eco-conseil\">\n<div class=\"view view-eco-conseil-16 view-id-eco_conseil_16 view-display-id-cookies view-dom-id-179bb6a72543596088116899ee9d2a58\">\n<div class=\"view-content\">\n<div id=\"views-bootstrap-grid-1\" class=\"views-bootstrap-grid-plugin-style\">\n<div class=\"row\">\n<div class=\" col-xs-12 col-lg-4\">\n<div class=\"row\">\n<div class=\"col col-xs-12 col-lg-12\">\n<div class=\"field-content\"><a href=\"\/article\/1069591-doctorat-fini-les-recrutements-directs\"><img loading=\"lazy\" decoding=\"async\" class=\"img-responsive\" typeof=\"foaf:Image\" src=\"https:\/\/www.leconomiste.com\/sites\/default\/files\/eco7\/public\/styles\/800x400\/public\/default_images\/default_une.jpg?itok=4jZlgnIZ\" width=\"660\" height=\"330\" alt=\"\"\/><\/a><\/div>\n<\/div>\n<div class=\" title_suite_2 col col-xs-12 col-lg-12\"> <a href=\"\/article\/1069591-doctorat-fini-les-recrutements-directs\"\/><span class=\"field-content\">Doctorat: Fini les recrutements directs<\/span><\/div>\n<\/div>\n<\/div>\n<div class=\" col-xs-12 col-lg-4\">\n<div class=\"row\">\n<div class=\"col col-xs-12 col-lg-12\">\n<div class=\"field-content\"><a href=\"\/article\/1069590-la-formation-continue-gardera-tout-son-budget\"><img loading=\"lazy\" decoding=\"async\" class=\"img-responsive\" typeof=\"foaf:Image\" src=\"https:\/\/www.leconomiste.com\/sites\/default\/files\/eco7\/public\/styles\/800x400\/public\/default_images\/default_une.jpg?itok=4jZlgnIZ\" width=\"660\" height=\"330\" alt=\"\"\/><\/a><\/div>\n<\/div>\n<div class=\" title_suite_2 col col-xs-12 col-lg-12\"> <a href=\"\/article\/1069590-la-formation-continue-gardera-tout-son-budget\"\/><span class=\"field-content\">La formation continue gardera tout son budget<\/span><\/div>\n<\/div>\n<\/div>\n<div class=\" col-xs-12 col-lg-4\">\n<div class=\"row\">\n<div class=\"col col-xs-12 col-lg-12\">\n<div class=\"field-content\"><a href=\"\/article\/1069588-transactions-electroniques-le-projet-de-loi-arrive-au-parlement\"><img loading=\"lazy\" decoding=\"async\" class=\"img-responsive\" typeof=\"foaf:Image\" src=\"https:\/\/www.leconomiste.com\/sites\/default\/files\/eco7\/public\/styles\/800x400\/public\/default_images\/default_une.jpg?itok=4jZlgnIZ\" width=\"660\" height=\"330\" alt=\"\"\/><\/a><\/div>\n<\/div>\n<div class=\" title_suite_2 col col-xs-12 col-lg-12\"> <a href=\"\/article\/1069588-transactions-electroniques-le-projet-de-loi-arrive-au-parlement\"\/><span class=\"field-content\">Transactions \u00e9lectroniques: Le projet de loi arrive au Parlement<\/span><\/div>\n<\/div>\n<\/div>\n<\/div>\n<\/div>\n<\/div>\n<\/div>\n<\/div>\n<p>Auteur: hlafriqi<br \/>\n<a href=\"https:\/\/www.leconomiste.com\/article\/1069589-tourisme-11-etablissements-de-formation-transferes-l-education-nationale\">Cliquez ici pour lire l&rsquo;article depuis sa source.<\/a><\/p>\n","protected":false},"excerpt":{"rendered":"<p>L\u2019un des amendements au projet de loi de finances 2021, d\u00e9pos\u00e9s par le gouvernement, concerne les Services de l\u2019Etat g\u00e9r\u00e9s de mani\u00e8re autonome (Segma) qui seront supprim\u00e9s. Parmi ces structures figurent les 11 \u00e9tablissements de formation touristique et h\u00f4teli\u00e8re, relevant du minist\u00e8re du Tourisme. A partir du 1er janvier 2021, ces \u00e9tablissements seront rattach\u00e9s au [&hellip;]<\/p>\n","protected":false},"author":1763,"featured_media":0,"comment_status":"closed","ping_status":"closed","sticky":false,"template":"","format":"standard","meta":{"fifu_image_url":"","fifu_image_alt":"","footnotes":""},"categories":[78,54],"tags":[],"class_list":["post-104591","post","type-post","status-publish","format-standard","hentry","category-economie","category-maroc"],"_links":{"self":[{"href":"https:\/\/linitiative.ca\/International\/wp-json\/wp\/v2\/posts\/104591","targetHints":{"allow":["GET"]}}],"collection":[{"href":"https:\/\/linitiative.ca\/International\/wp-json\/wp\/v2\/posts"}],"about":[{"href":"https:\/\/linitiative.ca\/International\/wp-json\/wp\/v2\/types\/post"}],"author":[{"embeddable":true,"href":"https:\/\/linitiative.ca\/International\/wp-json\/wp\/v2\/users\/1763"}],"replies":[{"embeddable":true,"href":"https:\/\/linitiative.ca\/International\/wp-json\/wp\/v2\/comments?post=104591"}],"version-history":[{"count":0,"href":"https:\/\/linitiative.ca\/International\/wp-json\/wp\/v2\/posts\/104591\/revisions"}],"wp:attachment":[{"href":"https:\/\/linitiative.ca\/International\/wp-json\/wp\/v2\/media?parent=104591"}],"wp:term":[{"taxonomy":"category","embeddable":true,"href":"https:\/\/linitiative.ca\/International\/wp-json\/wp\/v2\/categories?post=104591"},{"taxonomy":"post_tag","embeddable":true,"href":"https:\/\/linitiative.ca\/International\/wp-json\/wp\/v2\/tags?post=104591"}],"curies":[{"name":"wp","href":"https:\/\/api.w.org\/{rel}","templated":true}]}}