{"id":104592,"date":"2020-11-13T14:53:39","date_gmt":"2020-11-13T19:53:39","guid":{"rendered":"https:\/\/linitiative.ca\/International\/la-formation-continue-gardera-tout-son-budget\/"},"modified":"2020-11-13T14:53:39","modified_gmt":"2020-11-13T19:53:39","slug":"la-formation-continue-gardera-tout-son-budget","status":"publish","type":"post","link":"https:\/\/linitiative.ca\/International\/la-formation-continue-gardera-tout-son-budget\/","title":{"rendered":"La formation continue gardera tout son budget"},"content":{"rendered":"<div class=\"author\" readability=\"5.6949152542373\"> Par <a href=\"\/content\/ahlam-nazih\"> Ahlam NAZIH<\/a> <a href=\"\/node\/\"> <\/a> | Edition N\u00b0:5883 Le 12\/11\/2020 | Partager <\/div>\n<div class=\"body\">\n<div class=\"field field-name-body field-type-text-with-summary field-label-hidden\">\n<div class=\"field-items\" readability=\"12.5\">\n<div class=\"field-item even\" property=\"content:encoded\" readability=\"20\">\n<p class=\"rtejustify\">30% de la taxe de la formation professionnelle (TFP) sont normalement d\u00e9di\u00e9s \u00e0 la formation continue des salari\u00e9s des entreprises. Or, dans la pratique, l\u2019essentiel de ce budget est allou\u00e9 \u00e0 la formation initiale des stagiaires de la formation professionnelle. Sur 600 millions de DH r\u00e9colt\u00e9s, seuls 50 millions (soit 8%) vont \u00e0 la formation continue, selon le ministre de l\u2019Education nationale, Saa\u00efd Amzazi. \u00abAu niveau du conseil d\u2019administration de l\u2019Ofppt, nous avons d\u00e9cid\u00e9 de garder le budget uniquement pour la formation continue\u00bb, annonce le ministre. Un guide des proc\u00e9dures des contrats sp\u00e9ciaux de formation est en cours d\u2019\u00e9laboration avec la CGEM, et un d\u00e9cret d\u00e9di\u00e9 \u00e0 la formation continue est au SGG. \u00abNous serons pr\u00eats \u00e0 partir de janvier et nous pourrons augmenter la cadence, en int\u00e9grant aussi les tr\u00e8s petites entreprises et les personnes qui ont perdu leur emploi\u00bb, pr\u00e9cise Amzazi.<br \/><em>A.Na <\/em><\/p>\n<\/div>\n<\/div>\n<\/div>\n<\/div>\n<div class=\"eco-conseil\">\n<div class=\"view view-eco-conseil-16 view-id-eco_conseil_16 view-display-id-cookies view-dom-id-f1bc4abe635a12847596d8defc8e035c\">\n<div class=\"view-content\">\n<div id=\"views-bootstrap-grid-1\" class=\"views-bootstrap-grid-plugin-style\">\n<div class=\"row\">\n<div class=\" col-xs-12 col-lg-4\">\n<div class=\"row\">\n<div class=\"col col-xs-12 col-lg-12\">\n<div class=\"field-content\"><a href=\"\/article\/1069591-doctorat-fini-les-recrutements-directs\"><img loading=\"lazy\" decoding=\"async\" class=\"img-responsive\" typeof=\"foaf:Image\" src=\"https:\/\/www.leconomiste.com\/sites\/default\/files\/eco7\/public\/styles\/800x400\/public\/default_images\/default_une.jpg?itok=4jZlgnIZ\" width=\"660\" height=\"330\" alt=\"\"\/><\/a><\/div>\n<\/div>\n<div class=\" title_suite_2 col col-xs-12 col-lg-12\"> <a href=\"\/article\/1069591-doctorat-fini-les-recrutements-directs\"\/><span class=\"field-content\">Doctorat: Fini les recrutements directs<\/span><\/div>\n<\/div>\n<\/div>\n<div class=\" col-xs-12 col-lg-4\">\n<div class=\"row\">\n<div class=\"col col-xs-12 col-lg-12\">\n<div class=\"field-content\"><a href=\"\/article\/1069589-tourisme-11-etablissements-de-formation-transferes-l-education-nationale\"><img loading=\"lazy\" decoding=\"async\" class=\"img-responsive\" typeof=\"foaf:Image\" src=\"https:\/\/www.leconomiste.com\/sites\/default\/files\/eco7\/public\/styles\/800x400\/public\/default_images\/default_une.jpg?itok=4jZlgnIZ\" width=\"660\" height=\"330\" alt=\"\"\/><\/a><\/div>\n<\/div>\n<div class=\" title_suite_2 col col-xs-12 col-lg-12\"> <a href=\"\/article\/1069589-tourisme-11-etablissements-de-formation-transferes-l-education-nationale\"\/><span class=\"field-content\">Tourisme: 11 \u00e9tablissements de formation transf\u00e9r\u00e9s \u00e0 l\u2019Education nationale<\/span><\/div>\n<\/div>\n<\/div>\n<div class=\" col-xs-12 col-lg-4\">\n<div class=\"row\">\n<div class=\"col col-xs-12 col-lg-12\">\n<div class=\"field-content\"><a href=\"\/article\/1069588-transactions-electroniques-le-projet-de-loi-arrive-au-parlement\"><img loading=\"lazy\" decoding=\"async\" class=\"img-responsive\" typeof=\"foaf:Image\" src=\"https:\/\/www.leconomiste.com\/sites\/default\/files\/eco7\/public\/styles\/800x400\/public\/default_images\/default_une.jpg?itok=4jZlgnIZ\" width=\"660\" height=\"330\" alt=\"\"\/><\/a><\/div>\n<\/div>\n<div class=\" title_suite_2 col col-xs-12 col-lg-12\"> <a href=\"\/article\/1069588-transactions-electroniques-le-projet-de-loi-arrive-au-parlement\"\/><span class=\"field-content\">Transactions \u00e9lectroniques: Le projet de loi arrive au Parlement<\/span><\/div>\n<\/div>\n<\/div>\n<\/div>\n<\/div>\n<\/div>\n<\/div>\n<\/div>\n<p>Auteur: hlafriqi<br \/>\n<a href=\"https:\/\/www.leconomiste.com\/article\/1069590-la-formation-continue-gardera-tout-son-budget\">Cliquez ici pour lire l&rsquo;article depuis sa source.<\/a><\/p>\n","protected":false},"excerpt":{"rendered":"<p>Par Ahlam NAZIH | Edition N\u00b0:5883 Le 12\/11\/2020 | Partager 30% de la taxe de la formation professionnelle (TFP) sont normalement d\u00e9di\u00e9s \u00e0 la formation continue des salari\u00e9s des entreprises. Or, dans la pratique, l\u2019essentiel de ce budget est allou\u00e9 \u00e0 la formation initiale des stagiaires de la formation professionnelle. Sur 600 millions de DH [&hellip;]<\/p>\n","protected":false},"author":1763,"featured_media":0,"comment_status":"closed","ping_status":"closed","sticky":false,"template":"","format":"standard","meta":{"fifu_image_url":"","fifu_image_alt":"","footnotes":""},"categories":[78,54],"tags":[],"class_list":["post-104592","post","type-post","status-publish","format-standard","hentry","category-economie","category-maroc"],"_links":{"self":[{"href":"https:\/\/linitiative.ca\/International\/wp-json\/wp\/v2\/posts\/104592","targetHints":{"allow":["GET"]}}],"collection":[{"href":"https:\/\/linitiative.ca\/International\/wp-json\/wp\/v2\/posts"}],"about":[{"href":"https:\/\/linitiative.ca\/International\/wp-json\/wp\/v2\/types\/post"}],"author":[{"embeddable":true,"href":"https:\/\/linitiative.ca\/International\/wp-json\/wp\/v2\/users\/1763"}],"replies":[{"embeddable":true,"href":"https:\/\/linitiative.ca\/International\/wp-json\/wp\/v2\/comments?post=104592"}],"version-history":[{"count":0,"href":"https:\/\/linitiative.ca\/International\/wp-json\/wp\/v2\/posts\/104592\/revisions"}],"wp:attachment":[{"href":"https:\/\/linitiative.ca\/International\/wp-json\/wp\/v2\/media?parent=104592"}],"wp:term":[{"taxonomy":"category","embeddable":true,"href":"https:\/\/linitiative.ca\/International\/wp-json\/wp\/v2\/categories?post=104592"},{"taxonomy":"post_tag","embeddable":true,"href":"https:\/\/linitiative.ca\/International\/wp-json\/wp\/v2\/tags?post=104592"}],"curies":[{"name":"wp","href":"https:\/\/api.w.org\/{rel}","templated":true}]}}