{"id":104593,"date":"2020-11-13T14:53:41","date_gmt":"2020-11-13T19:53:41","guid":{"rendered":"https:\/\/linitiative.ca\/International\/doctorat-fini-les-recrutements-directs\/"},"modified":"2020-11-13T14:53:41","modified_gmt":"2020-11-13T19:53:41","slug":"doctorat-fini-les-recrutements-directs","status":"publish","type":"post","link":"https:\/\/linitiative.ca\/International\/doctorat-fini-les-recrutements-directs\/","title":{"rendered":"Doctorat: Fini les recrutements directs"},"content":{"rendered":"<div class=\"author\" readability=\"5.6949152542373\"> Par <a href=\"\/content\/ahlam-nazih\"> Ahlam NAZIH<\/a> <a href=\"\/node\/\"> <\/a> | Edition N\u00b0:5883 Le 12\/11\/2020 | Partager <\/div>\n<div class=\"body\">\n<div class=\"field field-name-body field-type-text-with-summary field-label-hidden\">\n<div class=\"field-items\" readability=\"10\">\n<div class=\"field-item even\" property=\"content:encoded\" readability=\"15\">\n<p class=\"rtejustify\">Les porteurs d\u2019un doctorat ne seront plus directement engag\u00e9s par les universit\u00e9s. Une phase de qualification, g\u00e9r\u00e9e par une commission nationale, sera pr\u00e9vue \u00e0 l\u2019avenir, selon le ministre de l\u2019Education nationale, Saa\u00efd Amzazi. Son d\u00e9partement travaille actuellement sur un nouveau statut des cadres de l\u2019Enseignement sup\u00e9rieur, en partenariat avec les syndicats du secteur.<br \/><em>A.Na <\/em><\/p>\n<\/div>\n<\/div>\n<\/div>\n<\/div>\n<div class=\"eco-conseil\">\n<div class=\"view view-eco-conseil-16 view-id-eco_conseil_16 view-display-id-cookies view-dom-id-dfc596ede3cee6c601f53de65ff36218\">\n<div class=\"view-content\">\n<div id=\"views-bootstrap-grid-1\" class=\"views-bootstrap-grid-plugin-style\">\n<div class=\"row\">\n<div class=\" col-xs-12 col-lg-4\">\n<div class=\"row\">\n<div class=\"col col-xs-12 col-lg-12\">\n<div class=\"field-content\"><a href=\"\/article\/1069590-la-formation-continue-gardera-tout-son-budget\"><img loading=\"lazy\" decoding=\"async\" class=\"img-responsive\" typeof=\"foaf:Image\" src=\"https:\/\/www.leconomiste.com\/sites\/default\/files\/eco7\/public\/styles\/800x400\/public\/default_images\/default_une.jpg?itok=4jZlgnIZ\" width=\"660\" height=\"330\" alt=\"\"\/><\/a><\/div>\n<\/div>\n<div class=\" title_suite_2 col col-xs-12 col-lg-12\"> <a href=\"\/article\/1069590-la-formation-continue-gardera-tout-son-budget\"\/><span class=\"field-content\">La formation continue gardera tout son budget<\/span><\/div>\n<\/div>\n<\/div>\n<div class=\" col-xs-12 col-lg-4\">\n<div class=\"row\">\n<div class=\"col col-xs-12 col-lg-12\">\n<div class=\"field-content\"><a href=\"\/article\/1069589-tourisme-11-etablissements-de-formation-transferes-l-education-nationale\"><img loading=\"lazy\" decoding=\"async\" class=\"img-responsive\" typeof=\"foaf:Image\" src=\"https:\/\/www.leconomiste.com\/sites\/default\/files\/eco7\/public\/styles\/800x400\/public\/default_images\/default_une.jpg?itok=4jZlgnIZ\" width=\"660\" height=\"330\" alt=\"\"\/><\/a><\/div>\n<\/div>\n<div class=\" title_suite_2 col col-xs-12 col-lg-12\"> <a href=\"\/article\/1069589-tourisme-11-etablissements-de-formation-transferes-l-education-nationale\"\/><span class=\"field-content\">Tourisme: 11 \u00e9tablissements de formation transf\u00e9r\u00e9s \u00e0 l\u2019Education nationale<\/span><\/div>\n<\/div>\n<\/div>\n<div class=\" col-xs-12 col-lg-4\">\n<div class=\"row\">\n<div class=\"col col-xs-12 col-lg-12\">\n<div class=\"field-content\"><a href=\"\/article\/1069588-transactions-electroniques-le-projet-de-loi-arrive-au-parlement\"><img loading=\"lazy\" decoding=\"async\" class=\"img-responsive\" typeof=\"foaf:Image\" src=\"https:\/\/www.leconomiste.com\/sites\/default\/files\/eco7\/public\/styles\/800x400\/public\/default_images\/default_une.jpg?itok=4jZlgnIZ\" width=\"660\" height=\"330\" alt=\"\"\/><\/a><\/div>\n<\/div>\n<div class=\" title_suite_2 col col-xs-12 col-lg-12\"> <a href=\"\/article\/1069588-transactions-electroniques-le-projet-de-loi-arrive-au-parlement\"\/><span class=\"field-content\">Transactions \u00e9lectroniques: Le projet de loi arrive au Parlement<\/span><\/div>\n<\/div>\n<\/div>\n<\/div>\n<\/div>\n<\/div>\n<\/div>\n<\/div>\n<p>Auteur: hlafriqi<br \/>\n<a href=\"https:\/\/www.leconomiste.com\/article\/1069591-doctorat-fini-les-recrutements-directs\">Cliquez ici pour lire l&rsquo;article depuis sa source.<\/a><\/p>\n","protected":false},"excerpt":{"rendered":"<p>Par Ahlam NAZIH | Edition N\u00b0:5883 Le 12\/11\/2020 | Partager Les porteurs d\u2019un doctorat ne seront plus directement engag\u00e9s par les universit\u00e9s. Une phase de qualification, g\u00e9r\u00e9e par une commission nationale, sera pr\u00e9vue \u00e0 l\u2019avenir, selon le ministre de l\u2019Education nationale, Saa\u00efd Amzazi. Son d\u00e9partement travaille actuellement sur un nouveau statut des cadres de l\u2019Enseignement [&hellip;]<\/p>\n","protected":false},"author":1763,"featured_media":0,"comment_status":"closed","ping_status":"closed","sticky":false,"template":"","format":"standard","meta":{"fifu_image_url":"","fifu_image_alt":"","footnotes":""},"categories":[78,54],"tags":[],"class_list":["post-104593","post","type-post","status-publish","format-standard","hentry","category-economie","category-maroc"],"_links":{"self":[{"href":"https:\/\/linitiative.ca\/International\/wp-json\/wp\/v2\/posts\/104593","targetHints":{"allow":["GET"]}}],"collection":[{"href":"https:\/\/linitiative.ca\/International\/wp-json\/wp\/v2\/posts"}],"about":[{"href":"https:\/\/linitiative.ca\/International\/wp-json\/wp\/v2\/types\/post"}],"author":[{"embeddable":true,"href":"https:\/\/linitiative.ca\/International\/wp-json\/wp\/v2\/users\/1763"}],"replies":[{"embeddable":true,"href":"https:\/\/linitiative.ca\/International\/wp-json\/wp\/v2\/comments?post=104593"}],"version-history":[{"count":0,"href":"https:\/\/linitiative.ca\/International\/wp-json\/wp\/v2\/posts\/104593\/revisions"}],"wp:attachment":[{"href":"https:\/\/linitiative.ca\/International\/wp-json\/wp\/v2\/media?parent=104593"}],"wp:term":[{"taxonomy":"category","embeddable":true,"href":"https:\/\/linitiative.ca\/International\/wp-json\/wp\/v2\/categories?post=104593"},{"taxonomy":"post_tag","embeddable":true,"href":"https:\/\/linitiative.ca\/International\/wp-json\/wp\/v2\/tags?post=104593"}],"curies":[{"name":"wp","href":"https:\/\/api.w.org\/{rel}","templated":true}]}}