{"id":104596,"date":"2020-11-13T11:00:00","date_gmt":"2020-11-13T16:00:00","guid":{"rendered":"https:\/\/linitiative.ca\/International\/la-grande-emigration-vers-litalie-lancee\/"},"modified":"2020-11-13T11:00:00","modified_gmt":"2020-11-13T16:00:00","slug":"la-grande-emigration-vers-litalie-lancee","status":"publish","type":"post","link":"https:\/\/linitiative.ca\/International\/la-grande-emigration-vers-litalie-lancee\/","title":{"rendered":"\u00abLa grande \u00e9migration\u00bb vers l\u2019Italie, lanc\u00e9e\u00a0!"},"content":{"rendered":"<p class=\"p1 c3\"><span class=\"c2\">Une op\u00e9ration d\u2019\u00e9migration collective \u00e0 destination des c\u00f4tes italiennes devait \u00eatre lanc\u00e9e le 28 octobre dernier. Cette op\u00e9ration a \u00e9t\u00e9 mise en place par la coordination de d\u00e9fense du Croissant Sportif de Chebba (CSC), comme forme de protestation contre les sanctions prises par le F\u00e9d\u00e9ration Tunisienne de Football (FTF) suite \u00e0 sa d\u00e9cision de geler les activit\u00e9s du CSC.<\/span><\/p>\n<p class=\"p1 c3\"><span class=\"c2\">Plus d\u2019une vingtaine d\u2019embarcations avaient \u00e9t\u00e9 mobilis\u00e9es \u00e0 cet effet mais\u00a0le d\u00e9part avait \u00e9t\u00e9 report\u00e9 au 6 novembre, dans un premier temps, en raison du mauvais temps. Il est \u00e0 noter que le nombre de personnes enregistr\u00e9es pour participer \u00e0 cette manifestation avait atteint les 800 pour grimper \u00e0 plus de 2000 personnes.<\/span><\/p>\n<p class=\"p1 c3\"><span class=\"c2\">L\u2019op\u00e9ration d\u2019\u00e9migration de masse a d\u00e9marr\u00e9 hier jeudi 12 novembre 2020 avec une affluence record au port de Chebba et en pr\u00e9sence de nombreux anciens responsables de la ville qui ont, entre-temps d\u00e9missionn\u00e9 dont<span class=\"Apple-converted-space\">\u00a0<\/span> l\u2019ancien d\u00e9l\u00e9gu\u00e9 de la ville. Certains joueurs de l\u2019\u00e9quipe premi\u00e8re ont \u00e9galement embarqu\u00e9 <span class=\"Apple-converted-space\">\u00a0<\/span><\/span><\/p>\n<p class=\"p1 c3\"><span class=\"c2\">Cette \u00e9migration entre dans le cadre de l\u2019affaire qui oppose le pr\u00e9sident de la FTF, Wadii Jary \u00e0 celui du CSC, Taoufik Mkacher, en raison du gel des activit\u00e9s du club par l\u2019instance f\u00e9d\u00e9rale.<\/span><\/p>\n<p class=\"p1 c3\"><span class=\"c2\">En outre, les Chebbiens, d\u00e9plorent, dans cette affaire, la passivit\u00e9 de la pr\u00e9sidence de la R\u00e9publique, du chef du gouvernement et du pr\u00e9sident de l\u2019Assembl\u00e9e des repr\u00e9sentants du peuple face au \u00ab\u00a0scandale du gel des activit\u00e9s du club pour des amendes impay\u00e9es\u00a0\u00bb. Hier encore, les dirigeants du CSC, ont lanc\u00e9 un appel urgent au pr\u00e9sident de la R\u00e9publique et au Chef du Gouvernement pour intervenir dans ce dossier.<\/span><\/p>\n<p class=\"p1 c3\"><span class=\"c2\">Ayant d\u00e9pass\u00e9 l\u2019aspect sportif, ce probl\u00e8me bloque aujourd\u2019hui toute la r\u00e9gion de Chebba. En d\u00e9but de semaine, les habitants ont de nouveau protest\u00e9 contre\u00a0la d\u00e9cision de la F\u00e9d\u00e9ration tunisienne de football (FTF) de suspendre l\u2019activit\u00e9 de leur club local de football.\u00a0Des dizaines de manifestants ont proc\u00e9d\u00e9 \u00e0\u00a0la fermeture des si\u00e8ges des administrations publiques \u00e0 Chebba, gouvernorat de Mahdia.<\/span><\/p>\n<p>Auteur: letemps1<br \/>\n<a href=\"http:\/\/www.letemps.com.tn\/article\/118078\/%C2%ABla-grande-%C3%A9migration%C2%BB-vers-l%E2%80%99italie-lanc%C3%A9e%C2%A0\">Cliquez ici pour lire l&rsquo;article depuis sa source.<\/a><\/p>\n","protected":false},"excerpt":{"rendered":"<p>Une op\u00e9ration d\u2019\u00e9migration collective \u00e0 destination des c\u00f4tes italiennes devait \u00eatre lanc\u00e9e le 28 octobre dernier. Cette op\u00e9ration a \u00e9t\u00e9 mise en place par la coordination de d\u00e9fense du Croissant Sportif de Chebba (CSC), comme forme de protestation contre les sanctions prises par le F\u00e9d\u00e9ration Tunisienne de Football (FTF) suite \u00e0 sa d\u00e9cision de geler [&hellip;]<\/p>\n","protected":false},"author":1773,"featured_media":0,"comment_status":"closed","ping_status":"closed","sticky":false,"template":"","format":"standard","meta":{"fifu_image_url":"","fifu_image_alt":"","footnotes":""},"categories":[73,55],"tags":[],"class_list":["post-104596","post","type-post","status-publish","format-standard","hentry","category-actualite","category-tunisie"],"_links":{"self":[{"href":"https:\/\/linitiative.ca\/International\/wp-json\/wp\/v2\/posts\/104596","targetHints":{"allow":["GET"]}}],"collection":[{"href":"https:\/\/linitiative.ca\/International\/wp-json\/wp\/v2\/posts"}],"about":[{"href":"https:\/\/linitiative.ca\/International\/wp-json\/wp\/v2\/types\/post"}],"author":[{"embeddable":true,"href":"https:\/\/linitiative.ca\/International\/wp-json\/wp\/v2\/users\/1773"}],"replies":[{"embeddable":true,"href":"https:\/\/linitiative.ca\/International\/wp-json\/wp\/v2\/comments?post=104596"}],"version-history":[{"count":0,"href":"https:\/\/linitiative.ca\/International\/wp-json\/wp\/v2\/posts\/104596\/revisions"}],"wp:attachment":[{"href":"https:\/\/linitiative.ca\/International\/wp-json\/wp\/v2\/media?parent=104596"}],"wp:term":[{"taxonomy":"category","embeddable":true,"href":"https:\/\/linitiative.ca\/International\/wp-json\/wp\/v2\/categories?post=104596"},{"taxonomy":"post_tag","embeddable":true,"href":"https:\/\/linitiative.ca\/International\/wp-json\/wp\/v2\/tags?post=104596"}],"curies":[{"name":"wp","href":"https:\/\/api.w.org\/{rel}","templated":true}]}}