{"id":104598,"date":"2020-11-13T11:02:00","date_gmt":"2020-11-13T16:02:00","guid":{"rendered":"https:\/\/linitiative.ca\/International\/james-a-trouve-le-club-ideal\/"},"modified":"2020-11-13T11:02:00","modified_gmt":"2020-11-13T16:02:00","slug":"james-a-trouve-le-club-ideal","status":"publish","type":"post","link":"https:\/\/linitiative.ca\/International\/james-a-trouve-le-club-ideal\/","title":{"rendered":"\u00abJames a trouv\u00e9 le club id\u00e9al\u00a0!\u00bb"},"content":{"rendered":"<p class=\"p1 c3\"><span class=\"c2\">Entretenant une relation particuli\u00e8re avec le milieu, le technicien s\u2019est f\u00e9licit\u00e9 de la forme actuelle de James Rodriguez, arriv\u00e9 cet \u00e9t\u00e9 \u00e0 Everton.<\/span><\/p>\n<p class=\"p1 c3\"><span class=\"c2\">Et si\u00a0Everton\u00a0avait fait le gros coup de ce mercato estival ? En arrachant James Rodriguez au\u00a0Real Madrid\u00a0sans avoir \u00e0 d\u00e9penser le moindre euro, les Toffees ont semble-t-il frapp\u00e9 fort. Ce coup d\u2019\u00e9clat porte le sceau de Carlo Ancelotti, tant la pr\u00e9sence de l\u2019entra\u00eeneur italien a compt\u00e9 pour s\u00e9duire le Colombien et le faire venir en\u00a0Angleterre.<\/span><\/p>\n<p class=\"p2 c4\"><span class=\"c2\"><strong>\u00abIl voulait un nouveau d\u00e9fi<span class=\"Apple-converted-space\">\u00a0<\/span><\/strong><\/span><\/p>\n<p class=\"p2 c4\"><span class=\"c2\"><strong>et il \u00e9tait dans une situation d\u00e9sesp\u00e9r\u00e9e\u00bb<\/strong><\/span><\/p>\n<p class=\"p1 c3\"><span class=\"c2\">Impressionnant depuis son arriv\u00e9e, James Rodriguez rend pour l\u2019instant \u00e0 son entra\u00eeneur la confiance accord\u00e9e. Dans un entretien accord\u00e9 \u00e0 NBC Sports, Carlo Ancelotti est justement revenu sur l\u2019arriv\u00e9e du milieu offensif chez les Toffees.\u00bbAvant toute chose, James voulait se trouver un nouveau club dans lequel il jouerait plus souvent qu\u2019au Real. Il \u00e9tait en\u00a0Espagne, \u00e0 Madrid, depuis longtemps et il ne jouait pas beaucoup\u00bb, a d\u2019abord confi\u00e9 l\u2019ancien coach du\u00a0Paris Saint-Germain\u00a0et du\u00a0Bayern Munich, avant de d\u00e9velopper.<\/span><\/p>\n<p class=\"p1 c3\"><span class=\"c2\">\u00abIl voulait un nouveau d\u00e9fi et il \u00e9tait dans une situation d\u00e9sesp\u00e9r\u00e9e. Je pense qu\u2019il a trouv\u00e9 l\u2019endroit id\u00e9al pour rebondir car il me conna\u00eet et je le connais. Everton est un club qui veut progresser, qui a un grand projet. James a trouv\u00e9 le club id\u00e9al pour d\u00e9montrer toutes ses grandes qualit\u00e9s. C\u2019est un tr\u00e8s grand joueur qui joue un football comme si c\u2019\u00e9tait quelque chose de simple\u00bb, a ensuite expliqu\u00e9 Carlo Ancelotti. En sept matches de\u00a0Premier League, James a d\u00e9j\u00e0 inscrit 3 buts et d\u00e9livr\u00e9 3 passes d\u00e9cisives.<\/span><\/p>\n<p>Auteur: letemps1<br \/>\n<a href=\"http:\/\/www.letemps.com.tn\/article\/118080\/%C2%ABjames-trouv%C3%A9-le-club-id%C3%A9al%C2%A0%C2%BB\">Cliquez ici pour lire l&rsquo;article depuis sa source.<\/a><\/p>\n","protected":false},"excerpt":{"rendered":"<p>Entretenant une relation particuli\u00e8re avec le milieu, le technicien s\u2019est f\u00e9licit\u00e9 de la forme actuelle de James Rodriguez, arriv\u00e9 cet \u00e9t\u00e9 \u00e0 Everton. Et si\u00a0Everton\u00a0avait fait le gros coup de ce mercato estival ? En arrachant James Rodriguez au\u00a0Real Madrid\u00a0sans avoir \u00e0 d\u00e9penser le moindre euro, les Toffees ont semble-t-il frapp\u00e9 fort. Ce coup d\u2019\u00e9clat [&hellip;]<\/p>\n","protected":false},"author":1773,"featured_media":0,"comment_status":"closed","ping_status":"closed","sticky":false,"template":"","format":"standard","meta":{"fifu_image_url":"","fifu_image_alt":"","footnotes":""},"categories":[73,55],"tags":[],"class_list":["post-104598","post","type-post","status-publish","format-standard","hentry","category-actualite","category-tunisie"],"_links":{"self":[{"href":"https:\/\/linitiative.ca\/International\/wp-json\/wp\/v2\/posts\/104598","targetHints":{"allow":["GET"]}}],"collection":[{"href":"https:\/\/linitiative.ca\/International\/wp-json\/wp\/v2\/posts"}],"about":[{"href":"https:\/\/linitiative.ca\/International\/wp-json\/wp\/v2\/types\/post"}],"author":[{"embeddable":true,"href":"https:\/\/linitiative.ca\/International\/wp-json\/wp\/v2\/users\/1773"}],"replies":[{"embeddable":true,"href":"https:\/\/linitiative.ca\/International\/wp-json\/wp\/v2\/comments?post=104598"}],"version-history":[{"count":0,"href":"https:\/\/linitiative.ca\/International\/wp-json\/wp\/v2\/posts\/104598\/revisions"}],"wp:attachment":[{"href":"https:\/\/linitiative.ca\/International\/wp-json\/wp\/v2\/media?parent=104598"}],"wp:term":[{"taxonomy":"category","embeddable":true,"href":"https:\/\/linitiative.ca\/International\/wp-json\/wp\/v2\/categories?post=104598"},{"taxonomy":"post_tag","embeddable":true,"href":"https:\/\/linitiative.ca\/International\/wp-json\/wp\/v2\/tags?post=104598"}],"curies":[{"name":"wp","href":"https:\/\/api.w.org\/{rel}","templated":true}]}}