{"id":104617,"date":"2020-11-13T09:31:00","date_gmt":"2020-11-13T14:31:00","guid":{"rendered":"https:\/\/linitiative.ca\/International\/plfc-2021-le-bureau-de-lapn-examine-les-propositions-des-deputes\/"},"modified":"2020-11-13T09:31:00","modified_gmt":"2020-11-13T14:31:00","slug":"plfc-2021-le-bureau-de-lapn-examine-les-propositions-des-deputes","status":"publish","type":"post","link":"https:\/\/linitiative.ca\/International\/plfc-2021-le-bureau-de-lapn-examine-les-propositions-des-deputes\/","title":{"rendered":"PLFC 2021 : Le Bureau de l\u2019APN examine  les propositions des d\u00e9put\u00e9s"},"content":{"rendered":"<p><br id=\"sep_para_1\" class=\"sep_para access\"\/><\/p>\n<div id=\"para_1\" class=\"para_39473840 resize\">\n<div class=\"texte access firstletter\">Le Bureau de l\u2019Assembl\u00e9e populaire nationale (APN) s\u2019est r\u00e9uni jeudi sous la pr\u00e9sidence de Slimane Chenine, pr\u00e9sident de l\u2019Assembl\u00e9e et examin\u00e9 les 22 modifications propos\u00e9es au projet de loi des finances (PLFC 2021), a indiqu\u00e9 un communiqu\u00e9 de la chambre basse du Parlement. Au terme de la r\u00e9union, le Bureau a transmis 17 modifications conformes aux conditions requises \u00e0 la Commission des Finances et du Budget de l&rsquo;APN pour examen avec les d\u00e9l\u00e9gu\u00e9s de leurs auteurs, a pr\u00e9cis\u00e9 le communiqu\u00e9. Lors de cette r\u00e9union, M. Chenine a mis en avant les interventions des d\u00e9put\u00e9s durant le d\u00e9bat autour du PLFC 2021, soulignant qu\u2019\u00a0\u00bbils ont plaid\u00e9 pour les pr\u00e9occupations des citoyens et exprim\u00e9 leurs aspirations en une vie d\u00e9cente\u00a0\u00bb. \u00ab\u00a0Les d\u00e9put\u00e9s ont mis en exergue les r\u00e9alisations accomplies en d\u00e9pit de la conjoncture exceptionnelle que traverse le pays\u00a0\u00bb, a-t-il ajout\u00e9. Dans ce contexte, le pr\u00e9sident de l\u2019APN a mis en avant les r\u00e9ponses du repr\u00e9sentant du Gouvernement ayant \u00e9t\u00e9 logiques et r\u00e9alistes, a conclu le communiqu\u00e9.<\/div>\n<\/div>\n<p>Auteur: Nadine<br \/>\n<a href=\"https:\/\/www.reflexiondz.net\/PLFC-2021-Le-Bureau-de-l-APN-examine-les-propositions-des-deputes_a66266.html\">Cliquez ici pour lire l&rsquo;article depuis sa source.<\/a><\/p>\n","protected":false},"excerpt":{"rendered":"<p>Le Bureau de l\u2019Assembl\u00e9e populaire nationale (APN) s\u2019est r\u00e9uni jeudi sous la pr\u00e9sidence de Slimane Chenine, pr\u00e9sident de l\u2019Assembl\u00e9e et examin\u00e9 les 22 modifications propos\u00e9es au projet de loi des finances (PLFC 2021), a indiqu\u00e9 un communiqu\u00e9 de la chambre basse du Parlement. Au terme de la r\u00e9union, le Bureau a transmis 17 modifications conformes [&hellip;]<\/p>\n","protected":false},"author":1740,"featured_media":0,"comment_status":"closed","ping_status":"closed","sticky":false,"template":"","format":"standard","meta":{"fifu_image_url":"","fifu_image_alt":"","footnotes":""},"categories":[53,76],"tags":[],"class_list":["post-104617","post","type-post","status-publish","format-standard","hentry","category-algerie","category-regions"],"_links":{"self":[{"href":"https:\/\/linitiative.ca\/International\/wp-json\/wp\/v2\/posts\/104617","targetHints":{"allow":["GET"]}}],"collection":[{"href":"https:\/\/linitiative.ca\/International\/wp-json\/wp\/v2\/posts"}],"about":[{"href":"https:\/\/linitiative.ca\/International\/wp-json\/wp\/v2\/types\/post"}],"author":[{"embeddable":true,"href":"https:\/\/linitiative.ca\/International\/wp-json\/wp\/v2\/users\/1740"}],"replies":[{"embeddable":true,"href":"https:\/\/linitiative.ca\/International\/wp-json\/wp\/v2\/comments?post=104617"}],"version-history":[{"count":0,"href":"https:\/\/linitiative.ca\/International\/wp-json\/wp\/v2\/posts\/104617\/revisions"}],"wp:attachment":[{"href":"https:\/\/linitiative.ca\/International\/wp-json\/wp\/v2\/media?parent=104617"}],"wp:term":[{"taxonomy":"category","embeddable":true,"href":"https:\/\/linitiative.ca\/International\/wp-json\/wp\/v2\/categories?post=104617"},{"taxonomy":"post_tag","embeddable":true,"href":"https:\/\/linitiative.ca\/International\/wp-json\/wp\/v2\/tags?post=104617"}],"curies":[{"name":"wp","href":"https:\/\/api.w.org\/{rel}","templated":true}]}}