{"id":104618,"date":"2020-11-13T09:31:00","date_gmt":"2020-11-13T14:31:00","guid":{"rendered":"https:\/\/linitiative.ca\/International\/covid-19-a-oran-fermeture-du-marche-de-mdina-jdida\/"},"modified":"2020-11-13T09:31:00","modified_gmt":"2020-11-13T14:31:00","slug":"covid-19-a-oran-fermeture-du-marche-de-mdina-jdida","status":"publish","type":"post","link":"https:\/\/linitiative.ca\/International\/covid-19-a-oran-fermeture-du-marche-de-mdina-jdida\/","title":{"rendered":"COVID 19 A ORAN : Fermeture du march\u00e9  de M\u2019Dina J\u2019Dida"},"content":{"rendered":"<p><br id=\"sep_para_1\" class=\"sep_para access\"\/><\/p>\n<div id=\"para_1\" class=\"para_39473738 resize\">\n<div class=\"photo shadow left\"><a href=\"javascript:void(0)\" rel=\"https:\/\/www.reflexiondz.net\/photo\/art\/grande\/51430212-39473738.jpg?v=1605279800&amp;ibox\" title=\"COVID 19 A ORAN : Fermeture du march\u00e9 de M\u2019Dina J\u2019Dida\"><img decoding=\"async\" class=\"responsive c9\" src=\"https:\/\/www.reflexiondz.net\/photo\/art\/grande\/51430212-39473738.jpg?v=1605279800\" alt=\"COVID 19 A ORAN : Fermeture du march\u00e9 de M\u2019Dina J\u2019Dida\" title=\"COVID 19 A ORAN : Fermeture du march\u00e9 de M\u2019Dina J\u2019Dida\"\/><img decoding=\"async\" class=\"not-responsive\" src=\"https:\/\/www.reflexiondz.net\/photo\/art\/default\/51430212-39473738.jpg?v=1605279803\" alt=\"COVID 19 A ORAN : Fermeture du march\u00e9 de M\u2019Dina J\u2019Dida\" title=\"COVID 19 A ORAN : Fermeture du march\u00e9 de M\u2019Dina J\u2019Dida\"\/><\/a><\/div>\n<div class=\"texte access firstletter\">Le wali d&rsquo;Oran, Messaoudi Djari\u00a0 a ordonn\u00e9 la fermeture\u00a0 du march\u00e9s (souk El Ketane)\u00a0 et ce , pour endiguer la propagation de l\u2019\u00e9pid\u00e9mie de coronavirus, dont la flamb\u00e9e touche l\u2019Alg\u00e9rie depuis ce d\u00e9but du mois de Novembre. Dans un communiqu\u00e9 rendu public\u00a0 jeudi, le wali d&rsquo;Oran, a sign\u00e9 un arr\u00eat\u00e9\u00a0 pour la fermeture des march\u00e9s de M\u2019Dina J\u2019Dida et du souk El Ketane\u00a0 situ\u00e9s dans le quartier de Sidi Bachir\u00a0 ex les plateaux. Le Souk M\u2019Dina J\u2019dida figure dans\u00a0 la liste des march\u00e9s, \u00e9tablie par la wilaya et\u00a0 qui comporte \u00e9galement le souk des voitures et le march\u00e9 \u00e0 bestiaux. Les march\u00e9s hebdomadaires sont \u00e9galement interdits jusqu\u2019\u00e0 nouvel ordre. L\u2019arr\u00eat\u00e9 de la wilaya interdit toute manifestation \u00e9conomique pouvant regrouper la foule dans le cadre de la pr\u00e9vention et de la limitation de la propagation et du contr\u00f4le de la pand\u00e9mie\u00a0 du Coronavirus (Covid 19).Cette d\u00e9cision intervient suite \u201c\u00e0 la propagation rapide du coronavirus et \u00e0 la complication de la situation \u00e9pid\u00e9miologique\u201d dans cette wilaya m\u00e9tropolitaine.\u00a0\u00a0\u00a0\u00a0\u00a0\u00a0\u00a0\u00a0<\/div>\n<\/div>\n<p>Auteur: Medjadji Habib<br \/>\n<a href=\"https:\/\/www.reflexiondz.net\/COVID-19-A-ORAN-Fermeture-du-marche-de-M-Dina-J-Dida_a66260.html\">Cliquez ici pour lire l&rsquo;article depuis sa source.<\/a><\/p>\n","protected":false},"excerpt":{"rendered":"<p>Le wali d&rsquo;Oran, Messaoudi Djari\u00a0 a ordonn\u00e9 la fermeture\u00a0 du march\u00e9s (souk El Ketane)\u00a0 et ce , pour endiguer la propagation de l\u2019\u00e9pid\u00e9mie de coronavirus, dont la flamb\u00e9e touche l\u2019Alg\u00e9rie depuis ce d\u00e9but du mois de Novembre. Dans un communiqu\u00e9 rendu public\u00a0 jeudi, le wali d&rsquo;Oran, a sign\u00e9 un arr\u00eat\u00e9\u00a0 pour la fermeture des march\u00e9s [&hellip;]<\/p>\n","protected":false},"author":1740,"featured_media":0,"comment_status":"closed","ping_status":"closed","sticky":false,"template":"","format":"standard","meta":{"fifu_image_url":"","fifu_image_alt":"","footnotes":""},"categories":[53,76],"tags":[],"class_list":["post-104618","post","type-post","status-publish","format-standard","hentry","category-algerie","category-regions"],"_links":{"self":[{"href":"https:\/\/linitiative.ca\/International\/wp-json\/wp\/v2\/posts\/104618","targetHints":{"allow":["GET"]}}],"collection":[{"href":"https:\/\/linitiative.ca\/International\/wp-json\/wp\/v2\/posts"}],"about":[{"href":"https:\/\/linitiative.ca\/International\/wp-json\/wp\/v2\/types\/post"}],"author":[{"embeddable":true,"href":"https:\/\/linitiative.ca\/International\/wp-json\/wp\/v2\/users\/1740"}],"replies":[{"embeddable":true,"href":"https:\/\/linitiative.ca\/International\/wp-json\/wp\/v2\/comments?post=104618"}],"version-history":[{"count":0,"href":"https:\/\/linitiative.ca\/International\/wp-json\/wp\/v2\/posts\/104618\/revisions"}],"wp:attachment":[{"href":"https:\/\/linitiative.ca\/International\/wp-json\/wp\/v2\/media?parent=104618"}],"wp:term":[{"taxonomy":"category","embeddable":true,"href":"https:\/\/linitiative.ca\/International\/wp-json\/wp\/v2\/categories?post=104618"},{"taxonomy":"post_tag","embeddable":true,"href":"https:\/\/linitiative.ca\/International\/wp-json\/wp\/v2\/tags?post=104618"}],"curies":[{"name":"wp","href":"https:\/\/api.w.org\/{rel}","templated":true}]}}