{"id":104620,"date":"2020-11-13T04:59:00","date_gmt":"2020-11-13T09:59:00","guid":{"rendered":"https:\/\/linitiative.ca\/International\/govtech-a-quand-le-passage-a-ladministration-electronique-la-reponse-du-ministre-des-technologies-et-de-la-communication-fadhel-kraiem\/"},"modified":"2020-11-13T04:59:00","modified_gmt":"2020-11-13T09:59:00","slug":"govtech-a-quand-le-passage-a-ladministration-electronique-la-reponse-du-ministre-des-technologies-et-de-la-communication-fadhel-kraiem","status":"publish","type":"post","link":"https:\/\/linitiative.ca\/International\/govtech-a-quand-le-passage-a-ladministration-electronique-la-reponse-du-ministre-des-technologies-et-de-la-communication-fadhel-kraiem\/","title":{"rendered":"GovTech : \u00e0 quand le passage \u00e0 l&rsquo;administration \u00e9lectronique ? La r\u00e9ponse du ministre des Technologies et de la communication, Fadhel Kraiem"},"content":{"rendered":"<p class=\"c2\"><strong>Annonc\u00e9 comme imminent, l&rsquo;av\u00e8nement de l&rsquo;administration, tel un mirage, est report\u00e9 sans cesse au fur et \u00e0 mesure que le temps passe. Qu&rsquo;est-ce qui retarde la concr\u00e9tisation de ce projet. Leaders a pos\u00e9 la question au ministre des Technologies et de la communication, Fadhel Kraiem.<\/strong><em>\u00a0<\/em><\/p>\n<p><span class=\"c4\"><span class=\"c3\"><strong>On parle sans cesse de l\u2019administration \u00e9lectronique. A quand le passage au concret ?<\/strong><\/span><\/span><\/p>\n<p>Il est imminent. Deux textes majeurs et un projet porteur viennent acc\u00e9l\u00e9rer la transformation digitale des services publics orient\u00e9s usagers : le d\u00e9cret-loi du Chef du gouvernement (n\u00b0 2020-31 du 10 juin 2020 relatif \u00e0 l\u2019\u00e9change \u00e9lectronique de donn\u00e9es entre les structures et leurs usagers et entre les structures), ainsi que son principal texte d\u2019application, le d\u00e9cret gouvernemental n\u00b0 2020 -777 du 5 octobre 2020. Officialisation du courrier \u00e9lectronique, institution d\u2019un compte e-mail professionnel pour chaque agent public, \u00e9mission d\u2019un re\u00e7u, institution de l\u2019interop\u00e9rabilit\u00e9 avec d\u00e9signation d\u2019un op\u00e9rateur central et organisation de la certification \u00e9lectronique : autant d\u2019acquis pr\u00e9cieux. La mise en \u0153uvre a \u00e9t\u00e9 fix\u00e9e au 1er janvier prochain, donc tout de suite.<\/p>\n<p>Ce dispositif s\u2019accompagnera par le d\u00e9ploiement, dans ce m\u00eame cadre, du projet GovTech. Port\u00e9 par les minist\u00e8res des Technologies de la communication et de la Fonction publique, avec ceux des Affaires sociales et de l\u2019Education, il b\u00e9n\u00e9ficie de l\u2019appui de la Banque mondiale. Le projet vise \u00e0 assurer l\u2019acc\u00e8s \u00e9quitable \u00e0 certains services de protection sociale et d\u2019\u00e9ducation, ainsi que leur qualit\u00e9 et redevabilit\u00e9 \u00e0 travers une approche commune.<\/p>\n<p>Concr\u00e8tement, il s\u2019agit de connecter pas moins de 2500 \u00e9tablissements scolaires \u00e0 l\u2019internet, d\u2019implanter 70 maisons de services administratifs r\u00e9parties \u00e0 travers le pays et de faciliter l\u2019acc\u00e8s \u00e0 divers services, y compris le b\u00e9n\u00e9fice des prestations et aides et sociales \u00e9ligibles. Gr\u00e2ce \u00e0 des solutions institutionnelles et num\u00e9riques, l\u2019objectif est d\u2019assurer avec la r\u00e9activit\u00e9 requise des prestations de qualit\u00e9 en faveur des usagers d\u2019une mani\u00e8re \u00e9quitable. La mise en \u0153uvre initiale du projet, pr\u00e9vue sur cinq ans, nous \u0153uvrerons \u00e0 \u00e9courter le plus possible cette dur\u00e9e et escomptons enregistrer de premiers r\u00e9sultats positifs d\u00e8s la fin de l\u2019ann\u00e9e prochaine.<\/p>\n<p><strong>Lire aussi<\/strong><\/p>\n<p><a href=\"https:\/\/www.leaders.com.tn\/article\/30907-fadhel-kraiem-nous-devons-organiser-et-favoriser-le-teletravail\" target=\"_blank\" rel=\"noopener noreferrer\">Comment la Tunisie doit se mettre au t\u00e9l\u00e9travail ? La r\u00e9ponse du ministre Fadhel Kra\u00efem<\/a><\/p>\n<p><a href=\"https:\/\/www.leaders.com.tn\/article\/30895-fadhel-kraiem-une-strategie-d-ensemble-est-urgente-pour-le-teleenseignement\" target=\"_blank\" rel=\"noopener noreferrer\">Fadhel Kraiem: une strat\u00e9gie d\u2019ensemble est urgente pour le t\u00e9l\u00e9enseignement<\/a><\/p>\n<p><a href=\"https:\/\/www.leaders.com.tn\/article\/30854-mohamed-fadhel-kraiem-monter-au-creneau-pour-un-enjeu-pays\" target=\"_blank\" rel=\"noopener noreferrer\">Mohamed Fadhel Kraiem: Monter au cr\u00e9neau pour un enjeu pays<\/a><\/p>\n<p><a href=\"https:\/\/www.leaders.com.tn\/article\/30874-fadhel-kraiem-sous-covid-19-le-secteur-numerique-a-ete-fantastique\" target=\"_blank\" rel=\"noopener noreferrer\">Fadhel Kraiem: Sous Covid-19, le secteur num\u00e9rique a \u00e9t\u00e9 fantastique<\/a><\/p>\n<p><a href=\"https:\/\/www.leaders.com.tn\/article\/30873-fadhel-kraiem-ministre-des-technologies-de-la-communication-acceleration-digitale-le-plan-et-les-mesures\" target=\"_blank\" rel=\"noopener noreferrer\">Fadhel Kraiem, Ministre des Technologies de la communication: Acc\u00e9l\u00e9ration digitale, le plan et les mesures<\/a><\/p>\n<p class=\"c5\"><strong><a href=\"https:\/\/www.leaders.com.tn\/le_mensuel_abonnez_vous\" target=\"_blank\" rel=\"noopener noreferrer\"><img loading=\"lazy\" decoding=\"async\" src=\"\/uploads\/FCK_files\/Bondou(12).jpg\" alt=\"\" width=\"500\" vspace=\"5\" hspace=\"5\" height=\"128\" align=\"middle\"\/><\/a><\/strong><\/p>\n<p>Auteur:<br \/>\n<a href=\"https:\/\/www.leaders.com.tn\/article\/30924-govtech-l-acces-equitable-aux-prestations-administratives-numeriques\">Cliquez ici pour lire l&rsquo;article depuis sa source.<\/a><\/p>\n","protected":false},"excerpt":{"rendered":"<p>Annonc\u00e9 comme imminent, l&rsquo;av\u00e8nement de l&rsquo;administration, tel un mirage, est report\u00e9 sans cesse au fur et \u00e0 mesure que le temps passe. Qu&rsquo;est-ce qui retarde la concr\u00e9tisation de ce projet. Leaders a pos\u00e9 la question au ministre des Technologies et de la communication, Fadhel Kraiem.\u00a0 On parle sans cesse de l\u2019administration \u00e9lectronique. A quand le [&hellip;]<\/p>\n","protected":false},"author":1772,"featured_media":104621,"comment_status":"closed","ping_status":"closed","sticky":false,"template":"","format":"standard","meta":{"fifu_image_url":"","fifu_image_alt":"","footnotes":""},"categories":[73,55],"tags":[],"class_list":["post-104620","post","type-post","status-publish","format-standard","has-post-thumbnail","hentry","category-actualite","category-tunisie"],"_links":{"self":[{"href":"https:\/\/linitiative.ca\/International\/wp-json\/wp\/v2\/posts\/104620","targetHints":{"allow":["GET"]}}],"collection":[{"href":"https:\/\/linitiative.ca\/International\/wp-json\/wp\/v2\/posts"}],"about":[{"href":"https:\/\/linitiative.ca\/International\/wp-json\/wp\/v2\/types\/post"}],"author":[{"embeddable":true,"href":"https:\/\/linitiative.ca\/International\/wp-json\/wp\/v2\/users\/1772"}],"replies":[{"embeddable":true,"href":"https:\/\/linitiative.ca\/International\/wp-json\/wp\/v2\/comments?post=104620"}],"version-history":[{"count":0,"href":"https:\/\/linitiative.ca\/International\/wp-json\/wp\/v2\/posts\/104620\/revisions"}],"wp:featuredmedia":[{"embeddable":true,"href":"https:\/\/linitiative.ca\/International\/wp-json\/"}],"wp:attachment":[{"href":"https:\/\/linitiative.ca\/International\/wp-json\/wp\/v2\/media?parent=104620"}],"wp:term":[{"taxonomy":"category","embeddable":true,"href":"https:\/\/linitiative.ca\/International\/wp-json\/wp\/v2\/categories?post=104620"},{"taxonomy":"post_tag","embeddable":true,"href":"https:\/\/linitiative.ca\/International\/wp-json\/wp\/v2\/tags?post=104620"}],"curies":[{"name":"wp","href":"https:\/\/api.w.org\/{rel}","templated":true}]}}