{"id":104626,"date":"2020-11-13T12:37:00","date_gmt":"2020-11-13T17:37:00","guid":{"rendered":"https:\/\/linitiative.ca\/International\/leveil-de-mehdi-kattou-sans-changement-les-papillons-nauraient-pas-existe-video\/"},"modified":"2020-11-13T12:37:00","modified_gmt":"2020-11-13T17:37:00","slug":"leveil-de-mehdi-kattou-sans-changement-les-papillons-nauraient-pas-existe-video","status":"publish","type":"post","link":"https:\/\/linitiative.ca\/International\/leveil-de-mehdi-kattou-sans-changement-les-papillons-nauraient-pas-existe-video\/","title":{"rendered":"L\u2019Eveil de Mehdi Kattou \u201cSans changement, les papillons n\u2019auraient pas exist\u00e9\u201d (Vid\u00e9o)"},"content":{"rendered":"<p>Apr\u00e8s un premier livre, Mehdi Kattou, homme de m\u00e9dias et formateur, r\u00e9cidive et publie \u201cL&rsquo;\u00c9veil\u201d, un essai sociopolitique qui invite \u00e0 repenser la citoyennet\u00e9 des Tunisiens.Il se confie \u00e0 Leaders:<br \/>\u201cL\u2019Eveil\u201d, c&rsquo;est d&rsquo;abord une th\u00e9rapie, un acte tr\u00e8s \u00e9go\u00efste, un acte tr\u00e8s personnel, tr\u00e8s subjectif.<\/p>\n<p class=\"c2\"><iframe loading=\"lazy\" src=\"https:\/\/www.youtube.com\/embed\/JLLhMcg_pBI\" allow=\"accelerometer; autoplay; clipboard-write; encrypted-media; gyroscope; picture-in-picture\" allowfullscreen=\"\" width=\"560\" height=\"315\" frameborder=\"0\">[embedded content]<\/iframe><\/p>\n<p>Le premier d\u00e9clic s&rsquo;est fait en 2013 avec \u201cChronique d&rsquo;une r\u00e9volution avort\u00e9e\u201d qui \u00e9tait plut\u00f4t dans le descriptif et le partage du v\u00e9cu apr\u00e8s une p\u00e9riode tr\u00e8s trouble (l&rsquo;assassinat de Chokri Bela\u00efd et Mohamed Brahmi).<\/p>\n<p>Pour \u201cL\u2019Eveil\u201d, une p\u00e9riode d&rsquo;observation a pr\u00e9c\u00e9d\u00e9 l\u2019\u00e9criture. C&rsquo;\u00e9tait beaucoup d&rsquo;id\u00e9es qui se bousculaient. C&rsquo;\u00e9tait aussi la frustration de voir tout le monde poser les mauvais probl\u00e8mes et les mauvaises questions.<\/p>\n<p>Ce que j&rsquo;essaie de faire dans ce livre, c&rsquo;est d&rsquo;abord de poser des questions et d&rsquo;inviter les gens \u00e0 se questionner, \u00e0, d\u00e9j\u00e0, revendiquer le droit de s&rsquo;interroger, de d\u00e9passer certaines certitudes. Le cumul de ces certitudes a fait que l&rsquo;on dispose aujourd&rsquo;hui d&rsquo;une soci\u00e9t\u00e9 qui est totalement en d\u00e9cr\u00e9pitude. Une soci\u00e9t\u00e9 qui a du mal.<\/p>\n<p>Tout au long du livre, j&rsquo;essaie de prendre des exemples et des illustrations tr\u00e8s lointaines pour ne pas transposer avec des raccourcis, pour ne pas \u00eatre dans le d\u00e9bat.<br \/>La Tunisie n&rsquo;est pas la seule victime de ses tares. Il faudrait justement sortir de l&rsquo;ethnocentrisme, aller vers ce relativisme culturel, essayer de se dire que l&rsquo;\u00e9volution est possible, mais il y a des conditions sine qua none, il y a des pr\u00e9alables et des pr\u00e9requis.<\/p>\n<p>Il fallait travailler dessus, d&rsquo;o\u00f9 cet ouvrage. Et d&rsquo;ailleurs, en termes d&rsquo;issues et de sortie de crise, je propose une seule mesure. L&rsquo;issue, la seule, la vraie, c&rsquo;est l&rsquo;\u00e9ducation. Je ne parle pas d&rsquo;enseignement, je parle d&rsquo;\u00e9ducation. Je parle de co\u00e9ducation qui n&rsquo;est pas viable aujourd&rsquo;hui dans le concret parce que le professeur et le parent n&rsquo;appartiennent pas au m\u00eame ilot social, au m\u00eame ghetto social.<br \/>Nous n\u2019avons pas l&rsquo;exclusivit\u00e9 de la mis\u00e8re, ni celle du savoir. Nous ne b\u00e9n\u00e9ficions pas non plus de l&rsquo;exclusivit\u00e9 de l&rsquo;ind\u00e9pendance ou celle de la d\u00e9tresse. Donc, \u00e0 un moment, justement, ouvrir les yeux et regarder ailleurs, non pas d\u00e9tourner le regard, permet de trouver des solutions.\u00a0<\/p>\n<p><span class=\"c4\"><span class=\"c3\"><strong>A qui s\u2019adresse ce livre ?\u00a0<\/strong><\/span><\/span><\/p>\n<p>D\u2019abord, aux bonnes volont\u00e9s, aux gens qui veulent vraiment changer les choses et quand on dit changer les choses, commencer par changer soi m\u00eame, par \u00e9voluer, par se questionner.<\/p>\n<p>L\u2019Eveil est destin\u00e9 \u00e0 ceux qui croient en ce pays, ceux qui estiment qu\u2019il m\u00e9rite mieux, que ce n&rsquo;est pas une fatalit\u00e9, que le destin se construit, se fa\u00e7onne, s&rsquo;\u00e9crit \u00e0 plusieurs mains, d\u2019une mani\u00e8re collective.<br \/>Ce livre s\u2019adresse \u00e0 tous ceux qui ont des convictions profond\u00e9ment ancr\u00e9es, \u00e0 tout ceux qui croient en ce bout de terre, \u00e0 tout ceux qui continuent de r\u00eaver, qui ne sont pas dans l&rsquo;autoflagellation mais qui ont une certaine retenu et assez de froideur et de cynisme pour se dire que pour chaque probl\u00e8me il y a une solution. Les probl\u00e8mes peuvent \u00eatre perp\u00e9tuels mais c\u2019est \u00e0 nous justement de les limiter dans le temps et les troquer avec un avenir qui serait radieux.<\/p>\n<p><span class=\"c4\"><span class=\"c3\"><strong>L&rsquo;\u00e9ducation<\/strong><\/span><\/span><\/p>\n<p>Aujourd&rsquo;hui, l&rsquo;\u00e9ducation est le lieu ou l&rsquo;espace de la sym\u00e9trie ultime extr\u00eame. Nous avons donc d\u2019un c\u00f4t\u00e9 le professeur, le d\u00e9tenteur du savoir et de l&rsquo;autre, le profane ignorant, jeune,sans exp\u00e9rience. Comment faire pour qu&rsquo;il y ait un respect mutuel, qu&rsquo;il y ait une estime mutuelle entre les deux.C&rsquo;est \u00e7a la difficult\u00e9.<\/p>\n<p>Sommes-nous, \u00e0 travers l&rsquo;\u00e9ducation, en train de fa\u00e7onner des h\u00e9ritiers, des h\u00e9ritiers de la pens\u00e9e, des h\u00e9ritiers des convictions, des h\u00e9ritiers des valeurs? Ou, sommes-nous en train de pr\u00e9parer un citoyen qui sera en mesure de se questionner, de penser, de r\u00e9fl\u00e9chir par lui m\u00eame, d&rsquo;\u00eatre dans cette autonomie et dans cette ind\u00e9pendance de pens\u00e9e qui va permettre \u00e0 la soci\u00e9t\u00e9 d&rsquo;\u00e9voluer ?<\/p>\n<p><span class=\"c4\"><span class=\"c3\"><strong>Pourquoi le papillon en couverture ?<\/strong><\/span><\/span><\/p>\n<p>Il faut savoir que le premier v\u00e9ritable pav\u00e9 que j&rsquo;ai eu l&rsquo;occasion de lire dans ma vie, c&rsquo;\u00e9tait le livre \u00ab Papillon \u00bb de Henri Charri\u00e8re qui a \u00e9t\u00e9 d\u00e9clin\u00e9 par la suite dans un film avec Dustin Hoffman et Steve McQueen.Et l\u00e0, c&rsquo;\u00e9tait le premier contact avec la d\u00e9tresse de la vie. C&rsquo;\u00e9tait le premier contact avec la prison, avec la condition humaine, avec beaucoup d&rsquo;aspects qui ne cohabitaient pas tr\u00e8s bien, avec l&rsquo;innocence de la jeunesse ou de l&rsquo;enfance. Donc \u00e0 un \u00e2ge assez pr\u00e9coce, on se retrouve confront\u00e9 \u00e0 ces id\u00e9es assez noires et \u00e0 cette d\u00e9tresse mais avec toujours l&rsquo;espoir de la libert\u00e9.<\/p>\n<p>Apr\u00e8s, lorsqu&rsquo;on s&rsquo;attarde justement sur les papillons avec ce que je dis dans la couverture, c&rsquo;est que \u201cSans changement, cet \u00eatre n&rsquo;aurait pas vu le jour\u201d, n&rsquo;aurait pas vu la lumi\u00e8re. Donc, finalement, m\u00eame dans les t\u00e9n\u00e8bres les plus noires, il y a toujours ce bout de lumi\u00e8re et il y a une possibilit\u00e9, justement, de s&rsquo;y accrocher et de changer, d&rsquo;\u00e9voluer, de puiser en soi pour aller trouver sa destin\u00e9e. Donc le papillon, c&rsquo;est tout \u00e7a \u00e0 la fois. Et en m\u00eame temps, il y a cette l\u00e9g\u00e8ret\u00e9 formelle, cette profondeur de l&rsquo;\u00eatre et de sa symbolique<\/p>\n<p>\u201cL\u2019Eveil\u201d est finalement pour moi un exutoire, une \u00e9chappatoire, une th\u00e9rapie. Cela m&rsquo;a permis d\u2019exprimer des choses tr\u00e8s \u00e9go\u00efstement. Par la suite, chacun peut y voir ou y lire la signification qu&rsquo;il recherche.<\/p>\n<p>Auteur:<br \/>\n<a href=\"https:\/\/www.leaders.com.tn\/article\/30928-l-eveil-de-mehdi-kattou-sans-changement-les-papillons-n-auraient-pas-existe\">Cliquez ici pour lire l&rsquo;article depuis sa source.<\/a><\/p>\n","protected":false},"excerpt":{"rendered":"<p>Apr\u00e8s un premier livre, Mehdi Kattou, homme de m\u00e9dias et formateur, r\u00e9cidive et publie \u201cL&rsquo;\u00c9veil\u201d, un essai sociopolitique qui invite \u00e0 repenser la citoyennet\u00e9 des Tunisiens.Il se confie \u00e0 Leaders:\u201cL\u2019Eveil\u201d, c&rsquo;est d&rsquo;abord une th\u00e9rapie, un acte tr\u00e8s \u00e9go\u00efste, un acte tr\u00e8s personnel, tr\u00e8s subjectif. [embedded content] Le premier d\u00e9clic s&rsquo;est fait en 2013 avec \u201cChronique [&hellip;]<\/p>\n","protected":false},"author":1772,"featured_media":0,"comment_status":"closed","ping_status":"closed","sticky":false,"template":"","format":"standard","meta":{"fifu_image_url":"","fifu_image_alt":"","footnotes":""},"categories":[73,55],"tags":[],"class_list":["post-104626","post","type-post","status-publish","format-standard","hentry","category-actualite","category-tunisie"],"_links":{"self":[{"href":"https:\/\/linitiative.ca\/International\/wp-json\/wp\/v2\/posts\/104626","targetHints":{"allow":["GET"]}}],"collection":[{"href":"https:\/\/linitiative.ca\/International\/wp-json\/wp\/v2\/posts"}],"about":[{"href":"https:\/\/linitiative.ca\/International\/wp-json\/wp\/v2\/types\/post"}],"author":[{"embeddable":true,"href":"https:\/\/linitiative.ca\/International\/wp-json\/wp\/v2\/users\/1772"}],"replies":[{"embeddable":true,"href":"https:\/\/linitiative.ca\/International\/wp-json\/wp\/v2\/comments?post=104626"}],"version-history":[{"count":0,"href":"https:\/\/linitiative.ca\/International\/wp-json\/wp\/v2\/posts\/104626\/revisions"}],"wp:attachment":[{"href":"https:\/\/linitiative.ca\/International\/wp-json\/wp\/v2\/media?parent=104626"}],"wp:term":[{"taxonomy":"category","embeddable":true,"href":"https:\/\/linitiative.ca\/International\/wp-json\/wp\/v2\/categories?post=104626"},{"taxonomy":"post_tag","embeddable":true,"href":"https:\/\/linitiative.ca\/International\/wp-json\/wp\/v2\/tags?post=104626"}],"curies":[{"name":"wp","href":"https:\/\/api.w.org\/{rel}","templated":true}]}}