{"id":104628,"date":"2020-11-13T10:30:17","date_gmt":"2020-11-13T15:30:17","guid":{"rendered":"https:\/\/linitiative.ca\/International\/vrai-ou-fake-sur-la-covid-19-au-maroc-vendredi-13-novembre\/"},"modified":"2020-11-13T10:30:17","modified_gmt":"2020-11-13T15:30:17","slug":"vrai-ou-fake-sur-la-covid-19-au-maroc-vendredi-13-novembre","status":"publish","type":"post","link":"https:\/\/linitiative.ca\/International\/vrai-ou-fake-sur-la-covid-19-au-maroc-vendredi-13-novembre\/","title":{"rendered":"Vrai ou Fake sur la Covid-19 au Maroc, vendredi 13 novembre"},"content":{"rendered":"<p><strong>Le coronavirus, qui a contamin\u00e9 plus de 52 millions de personnes dans le monde, est \u00e0 l\u2019origine d\u2019un flot de Fake news relay\u00e9es par des sites d\u2019information et sur les r\u00e9seaux sociaux.<\/strong><\/p>\n<div class=\"c10\"\/>\n<p>\u2013 Le Maroc dispose d\u2019une production locale, assur\u00e9e par deux laboratoires : Laprophan et Galenica pour la vitamine C et Laprophan pour le zinc. <strong>VRAI<\/strong><\/p>\n<p>\u2013 Une micropuce implant\u00e9e dans le corps des vaccin\u00e9s contre la covid-19 permet de les espionner. <strong>FAKE<\/strong><\/p>\n<p>\u2013 Lancement d\u2019une campagne de sensibilisation pour la pr\u00e9vention de la pand\u00e9mie de la Covid-19 dans le milieu agricole au niveau de la r\u00e9gion B\u00e9ni Mellal-Kh\u00e9nifra. <strong>VRAI<\/strong><\/p>\n<p><strong>Lire aussi |<\/strong><a href=\"https:\/\/www.challenge.ma\/dr-ugur-sahin-directeur-general-de-biontech-notre-vaccin-peut-mettre-fin-a-la-pandemie-165120\/\"><strong>Dr U\u011fur \u015eahin, directeur g\u00e9n\u00e9ral de BioNTech \u00ab notre vaccin peut mettre fin \u00e0 la pand\u00e9mie \u00bb<\/strong><\/a><\/p>\n<p>\u2013 Le Maroc est le pays le plus touch\u00e9 par la Covid en Afrique. <strong>FAKE<\/strong><\/p>\n<p>\u2013 Le minist\u00e8re de la Sant\u00e9 avait assur\u00e9 que \u00ab\u00a0Le stock de vitamine C est suffisant pour couvrir les besoins des prochains mois\u00a0\u00bb. <strong>VRAI<\/strong><\/p>\n<p>\u2013 La Direction provinciale de l\u2019\u00c9ducation nationale de Rabat a annonc\u00e9 la fermeture de toutes les \u00e9coles de la ville apr\u00e8s le d\u00e9pistage de plusieurs \u00e9l\u00e8ves contamin\u00e9s par le coronavirus. <strong>FAKE<\/strong><\/p>\n<p><strong>Lire aussi |<\/strong><a href=\"https:\/\/www.challenge.ma\/vitamine-c-et-zinc-une-demande-totalement-superieure-a-loffre-165100\/\"><strong>Vitamine C et zinc : une demande totalement sup\u00e9rieure \u00e0 l\u2019offre<\/strong><\/a><\/p>\n<p>Auteur: Hajar DARI<br \/>\n<a href=\"https:\/\/www.challenge.ma\/vrai-ou-fake-sur-la-covid-19-au-maroc-vendredi-13-novembre-165136\/\">Cliquez ici pour lire l&rsquo;article depuis sa source.<\/a><\/p>\n","protected":false},"excerpt":{"rendered":"<p>Le coronavirus, qui a contamin\u00e9 plus de 52 millions de personnes dans le monde, est \u00e0 l\u2019origine d\u2019un flot de Fake news relay\u00e9es par des sites d\u2019information et sur les r\u00e9seaux sociaux. \u2013 Le Maroc dispose d\u2019une production locale, assur\u00e9e par deux laboratoires : Laprophan et Galenica pour la vitamine C et Laprophan pour le [&hellip;]<\/p>\n","protected":false},"author":1787,"featured_media":0,"comment_status":"closed","ping_status":"closed","sticky":false,"template":"","format":"standard","meta":{"fifu_image_url":"","fifu_image_alt":"","footnotes":""},"categories":[78,54],"tags":[],"class_list":["post-104628","post","type-post","status-publish","format-standard","hentry","category-economie","category-maroc"],"_links":{"self":[{"href":"https:\/\/linitiative.ca\/International\/wp-json\/wp\/v2\/posts\/104628","targetHints":{"allow":["GET"]}}],"collection":[{"href":"https:\/\/linitiative.ca\/International\/wp-json\/wp\/v2\/posts"}],"about":[{"href":"https:\/\/linitiative.ca\/International\/wp-json\/wp\/v2\/types\/post"}],"author":[{"embeddable":true,"href":"https:\/\/linitiative.ca\/International\/wp-json\/wp\/v2\/users\/1787"}],"replies":[{"embeddable":true,"href":"https:\/\/linitiative.ca\/International\/wp-json\/wp\/v2\/comments?post=104628"}],"version-history":[{"count":0,"href":"https:\/\/linitiative.ca\/International\/wp-json\/wp\/v2\/posts\/104628\/revisions"}],"wp:attachment":[{"href":"https:\/\/linitiative.ca\/International\/wp-json\/wp\/v2\/media?parent=104628"}],"wp:term":[{"taxonomy":"category","embeddable":true,"href":"https:\/\/linitiative.ca\/International\/wp-json\/wp\/v2\/categories?post=104628"},{"taxonomy":"post_tag","embeddable":true,"href":"https:\/\/linitiative.ca\/International\/wp-json\/wp\/v2\/tags?post=104628"}],"curies":[{"name":"wp","href":"https:\/\/api.w.org\/{rel}","templated":true}]}}