{"id":104630,"date":"2020-11-13T14:07:47","date_gmt":"2020-11-13T19:07:47","guid":{"rendered":"https:\/\/linitiative.ca\/International\/le-passage-del-guerguerat-completement-securise-far\/"},"modified":"2020-11-13T14:07:47","modified_gmt":"2020-11-13T19:07:47","slug":"le-passage-del-guerguerat-completement-securise-far","status":"publish","type":"post","link":"https:\/\/linitiative.ca\/International\/le-passage-del-guerguerat-completement-securise-far\/","title":{"rendered":"Le passage d\u2019El Guerguerat compl\u00e8tement s\u00e9curis\u00e9 [FAR]"},"content":{"rendered":"<p><strong>Le passage d\u2019El Guerguerat entre le Maroc et la Mauritanie est \u00e0 pr\u00e9sent compl\u00e8tement s\u00e9curis\u00e9 par la mise en place d\u2019un cordon de s\u00e9curit\u00e9 par les Forces Arm\u00e9es Royales (FAR), conform\u00e9ment aux Hautes Instructions de Sa Majest\u00e9 le Roi Mohammed VI, Chef Supr\u00eame et Chef d\u2019Etat-Major G\u00e9n\u00e9ral des FAR, a indiqu\u00e9 vendredi un communiqu\u00e9 de l\u2019Etat-Major G\u00e9n\u00e9ral des FAR.<\/strong><\/p>\n<div class=\"c10\"\/>\n<p>\u00ab\u00a0Conform\u00e9ment aux Hautes Instructions de Sa Majest\u00e9 le Roi, Chef Supr\u00eame et Chef d\u2019Etat-Major G\u00e9n\u00e9ral des Forces Arm\u00e9es Royales, une op\u00e9ration a \u00e9t\u00e9 men\u00e9e le 13 novembre 2020, selon des r\u00e8gles d\u2019engagement claires prescrivant d\u2019\u00e9viter tout contact avec les personnes civiles\u00a0\u00bb, souligne le communiqu\u00e9. Au cours de cette op\u00e9ration, la milice arm\u00e9e du polisario a ouvert le feu sur les Forces Arm\u00e9es Royales qui ont pour leur part ripost\u00e9 et oblig\u00e9 les miliciens \u00e0 prendre la fuite, sans qu\u2019aucun d\u00e9g\u00e2t humain ne soit enregistr\u00e9, pr\u00e9cise la m\u00eame source, soulignant que cette op\u00e9ration fait suite au blocage par les miliciens du polisario de l\u2019axe routier traversant cette zone reliant le Maroc et la Mauritanie.<\/p>\n<p><strong>Lire aussi| <a href=\"https:\/\/www.challenge.ma\/coronavirus-nouvelles-precisions-sur-la-prise-en-charge-des-patients-165054\/\">Coronavirus : nouvelles pr\u00e9cisions sur la prise en charge des patients<\/a><\/strong><br \/>\u00ab\u00a0Apr\u00e8s avoir pris connaissance de l\u2019engagement des Forces Arm\u00e9es Royales, op\u00e9r\u00e9 en application des Hautes Instructions de Sa Majest\u00e9 le Roi, que Dieu L\u2019assiste, les miliciens du polisario ont volontairement incendi\u00e9 le camp de tentes qu\u2019ils avaient \u00e9rig\u00e9 et pris la fuite \u00e0 bord de Jeeps et de camions vers l\u2019Est et vers le Sud, sous les yeux des observateurs de la MINURSO\u00a0\u00bb, rel\u00e8ve le communiqu\u00e9.<\/p>\n<p><strong>Lire aussi|<a href=\"https:\/\/www.challenge.ma\/tourisme-medical-limis-preconise-la-creation-dun-office-de-tourisme-medical-165083\/\">Tourisme m\u00e9dical\u00a0: l\u2019IMIS pr\u00e9conise la cr\u00e9ation d\u2019un office de tourisme m\u00e9dical<\/a><\/strong><\/p>\n<p>\u00ab\u00a0Le passage d\u2019El Guerguerat est \u00e0 pr\u00e9sent compl\u00e8tement s\u00e9curis\u00e9 par la mise en place d\u2019un cordon de s\u00e9curit\u00e9, assurant le flux des biens et des personnes \u00e0 travers le passage entre les deux postes frontaliers\u00a0\u00bb, conclut l\u2019Etat-Major G\u00e9n\u00e9ral des FAR.<\/p>\n<p>Auteur: challenge<br \/>\n<a href=\"https:\/\/www.challenge.ma\/le-passage-del-guerguerat-completement-securise-far-165171\/\">Cliquez ici pour lire l&rsquo;article depuis sa source.<\/a><\/p>\n","protected":false},"excerpt":{"rendered":"<p>Le passage d\u2019El Guerguerat entre le Maroc et la Mauritanie est \u00e0 pr\u00e9sent compl\u00e8tement s\u00e9curis\u00e9 par la mise en place d\u2019un cordon de s\u00e9curit\u00e9 par les Forces Arm\u00e9es Royales (FAR), conform\u00e9ment aux Hautes Instructions de Sa Majest\u00e9 le Roi Mohammed VI, Chef Supr\u00eame et Chef d\u2019Etat-Major G\u00e9n\u00e9ral des FAR, a indiqu\u00e9 vendredi un communiqu\u00e9 de [&hellip;]<\/p>\n","protected":false},"author":1787,"featured_media":0,"comment_status":"closed","ping_status":"closed","sticky":false,"template":"","format":"standard","meta":{"fifu_image_url":"","fifu_image_alt":"","footnotes":""},"categories":[78,54],"tags":[],"class_list":["post-104630","post","type-post","status-publish","format-standard","hentry","category-economie","category-maroc"],"_links":{"self":[{"href":"https:\/\/linitiative.ca\/International\/wp-json\/wp\/v2\/posts\/104630","targetHints":{"allow":["GET"]}}],"collection":[{"href":"https:\/\/linitiative.ca\/International\/wp-json\/wp\/v2\/posts"}],"about":[{"href":"https:\/\/linitiative.ca\/International\/wp-json\/wp\/v2\/types\/post"}],"author":[{"embeddable":true,"href":"https:\/\/linitiative.ca\/International\/wp-json\/wp\/v2\/users\/1787"}],"replies":[{"embeddable":true,"href":"https:\/\/linitiative.ca\/International\/wp-json\/wp\/v2\/comments?post=104630"}],"version-history":[{"count":0,"href":"https:\/\/linitiative.ca\/International\/wp-json\/wp\/v2\/posts\/104630\/revisions"}],"wp:attachment":[{"href":"https:\/\/linitiative.ca\/International\/wp-json\/wp\/v2\/media?parent=104630"}],"wp:term":[{"taxonomy":"category","embeddable":true,"href":"https:\/\/linitiative.ca\/International\/wp-json\/wp\/v2\/categories?post=104630"},{"taxonomy":"post_tag","embeddable":true,"href":"https:\/\/linitiative.ca\/International\/wp-json\/wp\/v2\/tags?post=104630"}],"curies":[{"name":"wp","href":"https:\/\/api.w.org\/{rel}","templated":true}]}}