{"id":104631,"date":"2020-11-13T15:07:32","date_gmt":"2020-11-13T20:07:32","guid":{"rendered":"https:\/\/linitiative.ca\/International\/parlement-le-projet-de-loi-de-finances-2021-adopte-a-la-chambre-des-representants\/"},"modified":"2020-11-13T15:07:32","modified_gmt":"2020-11-13T20:07:32","slug":"parlement-le-projet-de-loi-de-finances-2021-adopte-a-la-chambre-des-representants","status":"publish","type":"post","link":"https:\/\/linitiative.ca\/International\/parlement-le-projet-de-loi-de-finances-2021-adopte-a-la-chambre-des-representants\/","title":{"rendered":"Parlement: le projet de loi de finances 2021 adopt\u00e9 \u00e0 la Chambre des Repr\u00e9sentants"},"content":{"rendered":"<p><strong>Le PLF 2021 a \u00e9t\u00e9 adopt\u00e9 \u00e0 la majorit\u00e9 le 13 novembre \u00e0 la Chambre des Repr\u00e9sentants. Voici ce qu\u2019il faut en retenir au stade actuel.<\/strong><\/p>\n<div class=\"c10\"\/>\n<p>La Chambre des repr\u00e9sentants a adopt\u00e9 \u00e0 la majorit\u00e9, le 13 novembre en s\u00e9ance pl\u00e9ni\u00e8re, le projet de loi de finances (PLF) n\u00b065.20 au titre de l\u2019exercice 2021. Le texte a re\u00e7u l\u2019aval de 59 d\u00e9put\u00e9s et a \u00e9t\u00e9 rejet\u00e9 par 29 autres. Le ministre de l\u2019Economie et des Finances, Mohammed Bencha\u00e2boun avait soulign\u00e9 dans sa r\u00e9ponse aux interventions de groupes et groupements parlementaires lors de la discussion g\u00e9n\u00e9rale du projet de loi de Finance (PLF-2021) \u00e0 la Chambre des repr\u00e9sentants, que le gouvernement a interagi positivement avec les amendements et les propositions riches et pr\u00e9cieux apport\u00e9s par la majorit\u00e9 et l\u2019opposition. Il a aussi not\u00e9 qu\u2019il y avait un total de 185 amendements pr\u00e9sent\u00e9s, dont 178 au titre de la premi\u00e8re partie du PLF, et que 49 ont \u00e9t\u00e9 retenus (dont plus de 40% de l\u2019opposition).<\/p>\n<p><strong>Lire aussi| <a href=\"https:\/\/www.challenge.ma\/tourisme-medical-limis-preconise-la-creation-dun-office-de-tourisme-medical-165083\/\">Tourisme m\u00e9dical\u00a0: l\u2019IMIS pr\u00e9conise la cr\u00e9ation d\u2019un office de tourisme m\u00e9dical<\/a><\/strong><\/p>\n<p>\u00ab\u00a0Ce consensus sur le principe de la solidarit\u00e9 a amen\u00e9 le gouvernement \u00e0 r\u00e9agir de mani\u00e8re positive avec la majorit\u00e9 des amendements apport\u00e9s par les groupes de la majorit\u00e9 et de l\u2019opposition, dans le but de cr\u00e9er l\u2019\u00e9quilibre n\u00e9cessaire entre les contributions des personnes physiques et morales\u00a0\u00bb, a fait remarquer le ministre. Il avait \u00e9galement, dans ce sens, pr\u00e9cis\u00e9 que le seuil de contribution de solidarit\u00e9 sera relev\u00e9 de 120.000 \u00e0 240.000 dirhams annuels, soit \u00e0 partir de 20.000 DH de salaire mensuel, avec un taux annuel fix\u00e9 \u00e0 1,5%, tandis que pour les entreprises, la contribution de solidarit\u00e9 a \u00e9t\u00e9 abaiss\u00e9e \u00e0 1 million de DH au lieu de 5 millions de DH, en appliquant un taux graduel, soit entre 1,5% et 3,5% des b\u00e9n\u00e9fices.<\/p>\n<p>Les amendements accept\u00e9s ont concern\u00e9, pr\u00e9cise le ministre, les conditions d\u2019exon\u00e9ration de l\u2019imp\u00f4t sur le revenu (IR) dans le cadre de l\u2019employabilit\u00e9 des jeunes, en portant la dur\u00e9e du travail de 24 \u00e0 36 mois et la condition de l\u2019\u00e2ge de 30 \u00e0 35 ans, la r\u00e9duction des droits d\u2019enregistrements sur les op\u00e9rations d\u2019augmentation de capital, en passant de 1% \u00e0 0,5%. De m\u00eame, on note l\u2019exon\u00e9ration des int\u00e9r\u00eats vers\u00e9s aux particuliers qui ne sont pas soumis \u00e0 l\u2019IR et ce, conform\u00e9ment au syst\u00e8me du r\u00e9sultat net r\u00e9el ou simplifi\u00e9, sur les bons du tr\u00e9sor \u00e9mis jusqu\u2019au 31 d\u00e9cembre 2021 et dont les int\u00e9r\u00eats seront vers\u00e9s pour la premi\u00e8re fois en 2021.<\/p>\n<p><strong>Lire aussi| <a href=\"https:\/\/www.challenge.ma\/le-passage-del-guerguerat-completement-securise-far-165171\/\">Le passage d\u2019El Guerguerat compl\u00e8tement s\u00e9curis\u00e9 [FAR]<\/a><\/strong><\/p>\n<p>Parmi ces amendements figurent, \u00e9galement, l\u2019instauration du caract\u00e8re annuel \u00e0 la d\u00e9claration de la contribution professionnelle unifi\u00e9e, en offrant au contribuable le choix entre le paiement trimestriel ou annuel et la r\u00e9duction du droit d\u2019importation sur les fibres synth\u00e9tiques de polystyr\u00e8ne de 17,5% \u00e0 2,5% pour soutenir le secteur du textile. Le PLF 2021 repose sur trois orientations majeures, \u00e0 savoir l\u2019acc\u00e9l\u00e9ration de la mise en \u0153uvre du plan de relance de l\u2019\u00e9conomie nationale, le lancement de la premi\u00e8re phase de la g\u00e9n\u00e9ralisation de la couverture sociale, \u00e0 partir du 21 janvier 2021, et le renforcement des bases de l\u2019exemplarit\u00e9 de l\u2019\u00c9tat et l\u2019optimisation de son fonctionnement.<\/p>\n<p>Auteur: challenge<br \/>\n<a href=\"https:\/\/www.challenge.ma\/parlement-le-projet-de-loi-de-finances-2021-adopte-a-la-majorite-a-la-chambre-des-representants-165179\/\">Cliquez ici pour lire l&rsquo;article depuis sa source.<\/a><\/p>\n","protected":false},"excerpt":{"rendered":"<p>Le PLF 2021 a \u00e9t\u00e9 adopt\u00e9 \u00e0 la majorit\u00e9 le 13 novembre \u00e0 la Chambre des Repr\u00e9sentants. Voici ce qu\u2019il faut en retenir au stade actuel. La Chambre des repr\u00e9sentants a adopt\u00e9 \u00e0 la majorit\u00e9, le 13 novembre en s\u00e9ance pl\u00e9ni\u00e8re, le projet de loi de finances (PLF) n\u00b065.20 au titre de l\u2019exercice 2021. Le [&hellip;]<\/p>\n","protected":false},"author":1787,"featured_media":0,"comment_status":"closed","ping_status":"closed","sticky":false,"template":"","format":"standard","meta":{"fifu_image_url":"","fifu_image_alt":"","footnotes":""},"categories":[78,54],"tags":[],"class_list":["post-104631","post","type-post","status-publish","format-standard","hentry","category-economie","category-maroc"],"_links":{"self":[{"href":"https:\/\/linitiative.ca\/International\/wp-json\/wp\/v2\/posts\/104631","targetHints":{"allow":["GET"]}}],"collection":[{"href":"https:\/\/linitiative.ca\/International\/wp-json\/wp\/v2\/posts"}],"about":[{"href":"https:\/\/linitiative.ca\/International\/wp-json\/wp\/v2\/types\/post"}],"author":[{"embeddable":true,"href":"https:\/\/linitiative.ca\/International\/wp-json\/wp\/v2\/users\/1787"}],"replies":[{"embeddable":true,"href":"https:\/\/linitiative.ca\/International\/wp-json\/wp\/v2\/comments?post=104631"}],"version-history":[{"count":0,"href":"https:\/\/linitiative.ca\/International\/wp-json\/wp\/v2\/posts\/104631\/revisions"}],"wp:attachment":[{"href":"https:\/\/linitiative.ca\/International\/wp-json\/wp\/v2\/media?parent=104631"}],"wp:term":[{"taxonomy":"category","embeddable":true,"href":"https:\/\/linitiative.ca\/International\/wp-json\/wp\/v2\/categories?post=104631"},{"taxonomy":"post_tag","embeddable":true,"href":"https:\/\/linitiative.ca\/International\/wp-json\/wp\/v2\/tags?post=104631"}],"curies":[{"name":"wp","href":"https:\/\/api.w.org\/{rel}","templated":true}]}}