{"id":104642,"date":"2020-11-13T12:18:02","date_gmt":"2020-11-13T17:18:02","guid":{"rendered":"https:\/\/linitiative.ca\/International\/presidentielle-ivoirienne-lemir-du-qatar-felicite-ouattara-pour-sa-reelection\/"},"modified":"2020-11-13T12:18:02","modified_gmt":"2020-11-13T17:18:02","slug":"presidentielle-ivoirienne-lemir-du-qatar-felicite-ouattara-pour-sa-reelection","status":"publish","type":"post","link":"https:\/\/linitiative.ca\/International\/presidentielle-ivoirienne-lemir-du-qatar-felicite-ouattara-pour-sa-reelection\/","title":{"rendered":"Pr\u00e9sidentielle ivoirienne: l\u2019\u00e9mir du Qatar f\u00e9licite Ouattara pour sa r\u00e9\u00e9lection"},"content":{"rendered":"<div readability=\"32\">\n<p>Publi\u00e9 le 13.11.2020 \u00e0 18h18 par APA News<\/p>\n<\/div>\n<div readability=\"50\">\n<p>L\u2019\u00e9mir de l\u2019Etat du Qatar Cheikh Tamim Bin Hamad Al-Thani a adress\u00e9 ses \u00ab cordiales f\u00e9licitations\u00bb au pr\u00e9sident ivoirien Alassane Ouattara pour sa r\u00e9\u00e9lection pour un nouveau mandat \u00e0 l\u2019issue de l\u2019\u00e9lection pr\u00e9sidentielle ivoirienne du 31 octobre dernier, a-t-on appris vendredi de source officielle.\u00ab Au nom du peuple du Qatar et en mon nom propre, je tiens \u00e0 adresser nos cordiales f\u00e9licitations \u00e0 votre excellence \u00e0 l\u2019occasion de votre r\u00e9\u00e9lection \u00e0 la pr\u00e9sidence de la R\u00e9publique de C\u00f4te d\u2019Ivoire pour un nouveau mandat\u00bb, indique un message de l\u2019Emir Cheikh Tamim adress\u00e9 \u00e0 M. Ouattara et transmis vendredi \u00e0 APA.<\/p>\n<p>Poursuivant, il a souhait\u00e9 que le \u00a0pr\u00e9sident ivoirien \u00a0continue le d\u00e9veloppement et le progr\u00e8s du peuple de C\u00f4te d\u2019Ivoire et \u0153uvre pour \u00ab une am\u00e9lioration accrue de la relation bilat\u00e9rale entre nos deux pays dans les ann\u00e9es \u00e0 venir \u00bb.<\/p>\n<p>Le Conseil constitutionnel ivoirien a confirm\u00e9 lundi dernier la r\u00e9\u00e9lection du pr\u00e9sident ivoirien Alassane Ouattara au premier tour de l\u2019\u00e9lection pr\u00e9sidentielle du 31 octobre dernier avec 94,27% des suffrages contre 1,99% pour son adversaire le candidat ind\u00e9pendant Kouadio Konan Bertin dit KKB.<\/p>\n<\/div>\n<p>Auteur: APA News<br \/>\n<a href=\"https:\/\/www.journalducameroun.com\/presidentielle-ivoirienne-lemir-du-qatar-felicite-ouattara-pour-sa-reelection\/\">Cliquez ici pour lire l&rsquo;article depuis sa source.<\/a><\/p>\n","protected":false},"excerpt":{"rendered":"<p>Publi\u00e9 le 13.11.2020 \u00e0 18h18 par APA News L\u2019\u00e9mir de l\u2019Etat du Qatar Cheikh Tamim Bin Hamad Al-Thani a adress\u00e9 ses \u00ab cordiales f\u00e9licitations\u00bb au pr\u00e9sident ivoirien Alassane Ouattara pour sa r\u00e9\u00e9lection pour un nouveau mandat \u00e0 l\u2019issue de l\u2019\u00e9lection pr\u00e9sidentielle ivoirienne du 31 octobre dernier, a-t-on appris vendredi de source officielle.\u00ab Au nom du [&hellip;]<\/p>\n","protected":false},"author":1965,"featured_media":0,"comment_status":"closed","ping_status":"closed","sticky":false,"template":"","format":"standard","meta":{"fifu_image_url":"","fifu_image_alt":"","footnotes":""},"categories":[73,82],"tags":[],"class_list":["post-104642","post","type-post","status-publish","format-standard","hentry","category-actualite","category-cameroun"],"_links":{"self":[{"href":"https:\/\/linitiative.ca\/International\/wp-json\/wp\/v2\/posts\/104642","targetHints":{"allow":["GET"]}}],"collection":[{"href":"https:\/\/linitiative.ca\/International\/wp-json\/wp\/v2\/posts"}],"about":[{"href":"https:\/\/linitiative.ca\/International\/wp-json\/wp\/v2\/types\/post"}],"author":[{"embeddable":true,"href":"https:\/\/linitiative.ca\/International\/wp-json\/wp\/v2\/users\/1965"}],"replies":[{"embeddable":true,"href":"https:\/\/linitiative.ca\/International\/wp-json\/wp\/v2\/comments?post=104642"}],"version-history":[{"count":0,"href":"https:\/\/linitiative.ca\/International\/wp-json\/wp\/v2\/posts\/104642\/revisions"}],"wp:attachment":[{"href":"https:\/\/linitiative.ca\/International\/wp-json\/wp\/v2\/media?parent=104642"}],"wp:term":[{"taxonomy":"category","embeddable":true,"href":"https:\/\/linitiative.ca\/International\/wp-json\/wp\/v2\/categories?post=104642"},{"taxonomy":"post_tag","embeddable":true,"href":"https:\/\/linitiative.ca\/International\/wp-json\/wp\/v2\/tags?post=104642"}],"curies":[{"name":"wp","href":"https:\/\/api.w.org\/{rel}","templated":true}]}}