{"id":104643,"date":"2020-11-13T13:18:02","date_gmt":"2020-11-13T18:18:02","guid":{"rendered":"https:\/\/linitiative.ca\/International\/mali-un-cadre-de-la-mouvance-jihadiste-neutralise\/"},"modified":"2020-11-13T13:18:02","modified_gmt":"2020-11-13T18:18:02","slug":"mali-un-cadre-de-la-mouvance-jihadiste-neutralise","status":"publish","type":"post","link":"https:\/\/linitiative.ca\/International\/mali-un-cadre-de-la-mouvance-jihadiste-neutralise\/","title":{"rendered":"Mali : un cadre de la mouvance jihadiste neutralis\u00e9"},"content":{"rendered":"<div readability=\"32\">\n<p>Publi\u00e9 le 13.11.2020 \u00e0 19h18 par APA News<\/p>\n<\/div>\n<div readability=\"80\">\n<p>Les forces arm\u00e9es fran\u00e7aises ont mis hors d\u2019\u00e9tat de nuire Bah ag Moussa, l\u2019un des principaux adjoints d\u2019Iyad ag Ghali, le leader du Groupe de soutien \u00e0 l\u2019Islam et aux musulmans (Gsim).Cible atteinte ! Dans un communiqu\u00e9, Florence Parly, la ministre fran\u00e7aise des Arm\u00e9es, renseigne que \u00ab cette op\u00e9ration de haut niveau a engag\u00e9 d\u2019importants moyens de renseignement ainsi qu\u2019un \u00a0dispositif d\u2019interception compos\u00e9 d\u2019h\u00e9licopt\u00e8res et de troupes au sol\u00a0\u00bb.<\/p>\n<p>La neutralisation \u00e0 M\u00e9naka (nord-est) de Bah ag Moussa, \u00ab le 10 novembre en fin de journ\u00e9e \u00bb, porte \u00ab un nouveau coup dur \u00bb aux mouvances affili\u00e9es \u00e0 Al-Qa\u00efda. Car cette figure du jihadisme dans le Sahel \u00e9tait, pr\u00e9cise-t-elle, \u00ab le chef militaire du Rassemblement pour la victoire de l\u2019Islam et des musulmans (Rvim) \u00bb.<\/p>\n<p>Bah ag Moussa, \u00ab charg\u00e9 de la formation des nouvelles recrues \u00bb des jihadistes au Mali, est consid\u00e9r\u00e9 par la France comme le \u00ab responsable de plusieurs attaques contre les forces maliennes et internationales\u00a0\u00bb.<\/p>\n<p>De ce fait, c\u2019est \u00ab un succ\u00e8s majeur \u00bb dans la lutte contre le terrorisme que la France et ses partenaires m\u00e8nent dans cette partie de l\u2019Afrique. Partant de l\u00e0, Florence Parly adresse des f\u00e9licitations aux \u00ab militaires fran\u00e7ais engag\u00e9s dans cette op\u00e9ration, ainsi que tous ceux qui y ont contribu\u00e9 en mati\u00e8re de renseignement \u00bb.<\/p>\n<p>Poursuivant, la ministre fran\u00e7aise des Arm\u00e9es r\u00e9affirme la d\u00e9termination de son pays \u00e0 frapper en plein c\u0153ur \u00ab ceux qui, au nom de leur id\u00e9ologie mortif\u00e8re, s\u2019en prennent aux populations civiles et souhaitent d\u00e9stabiliser les Etats de la r\u00e9gion \u00bb.<\/p>\n<p>Dans la zone dite des trois fronti\u00e8res, l\u2019action militaire de la France a permis de diminuer \u00ab les capacit\u00e9s (de nuisance) de l\u2019Etat islamique au Grand Sahara \u00bb, se r\u00e9jouit Paris. Une dynamique qui devrait se renforcer avec la \u00ab mont\u00e9e en puissance \u00bb des forces arm\u00e9es sah\u00e9liennes. En outre, la France compte sur le soutien de ses alli\u00e9s internationaux, notamment europ\u00e9ens, pour gagner la guerre contre les jihadistes.<\/p>\n<\/div>\n<p>Auteur: APA News<br \/>\n<a href=\"https:\/\/www.journalducameroun.com\/mali-un-cadre-de-la-mouvance-jihadiste-neutralise\/\">Cliquez ici pour lire l&rsquo;article depuis sa source.<\/a><\/p>\n","protected":false},"excerpt":{"rendered":"<p>Publi\u00e9 le 13.11.2020 \u00e0 19h18 par APA News Les forces arm\u00e9es fran\u00e7aises ont mis hors d\u2019\u00e9tat de nuire Bah ag Moussa, l\u2019un des principaux adjoints d\u2019Iyad ag Ghali, le leader du Groupe de soutien \u00e0 l\u2019Islam et aux musulmans (Gsim).Cible atteinte ! Dans un communiqu\u00e9, Florence Parly, la ministre fran\u00e7aise des Arm\u00e9es, renseigne que \u00ab [&hellip;]<\/p>\n","protected":false},"author":1965,"featured_media":0,"comment_status":"closed","ping_status":"closed","sticky":false,"template":"","format":"standard","meta":{"fifu_image_url":"","fifu_image_alt":"","footnotes":""},"categories":[73,82],"tags":[],"class_list":["post-104643","post","type-post","status-publish","format-standard","hentry","category-actualite","category-cameroun"],"_links":{"self":[{"href":"https:\/\/linitiative.ca\/International\/wp-json\/wp\/v2\/posts\/104643","targetHints":{"allow":["GET"]}}],"collection":[{"href":"https:\/\/linitiative.ca\/International\/wp-json\/wp\/v2\/posts"}],"about":[{"href":"https:\/\/linitiative.ca\/International\/wp-json\/wp\/v2\/types\/post"}],"author":[{"embeddable":true,"href":"https:\/\/linitiative.ca\/International\/wp-json\/wp\/v2\/users\/1965"}],"replies":[{"embeddable":true,"href":"https:\/\/linitiative.ca\/International\/wp-json\/wp\/v2\/comments?post=104643"}],"version-history":[{"count":0,"href":"https:\/\/linitiative.ca\/International\/wp-json\/wp\/v2\/posts\/104643\/revisions"}],"wp:attachment":[{"href":"https:\/\/linitiative.ca\/International\/wp-json\/wp\/v2\/media?parent=104643"}],"wp:term":[{"taxonomy":"category","embeddable":true,"href":"https:\/\/linitiative.ca\/International\/wp-json\/wp\/v2\/categories?post=104643"},{"taxonomy":"post_tag","embeddable":true,"href":"https:\/\/linitiative.ca\/International\/wp-json\/wp\/v2\/tags?post=104643"}],"curies":[{"name":"wp","href":"https:\/\/api.w.org\/{rel}","templated":true}]}}