{"id":104647,"date":"2020-11-13T09:48:22","date_gmt":"2020-11-13T14:48:22","guid":{"rendered":"https:\/\/linitiative.ca\/International\/planification-le-gouvernement-va-eriger-la-snd30-en-loi\/"},"modified":"2020-11-13T09:48:22","modified_gmt":"2020-11-13T14:48:22","slug":"planification-le-gouvernement-va-eriger-la-snd30-en-loi","status":"publish","type":"post","link":"https:\/\/linitiative.ca\/International\/planification-le-gouvernement-va-eriger-la-snd30-en-loi\/","title":{"rendered":"Planification : le gouvernement va \u00e9riger la SND30 en loi"},"content":{"rendered":"<p>Selon une note d\u2019information officielle, le ministre de l\u2019\u00c9conomie, de la Planification et de l\u2019Am\u00e9nagement du Territoire (Minepat), Alamine Ousmane Mey, pr\u00e9sente ce lundi 16 novembre 2020, la Strat\u00e9gie Nationale de D\u00e9veloppement 2020-2030 (SDN30). En pr\u00e9lude \u00e0 cet \u00e9v\u00e8nement, les collaborateurs du ministre ont rendu publique une note de synth\u00e8se de la dite Strat\u00e9gie, qui en pr\u00e9sente la philosophie, les piliers et les principaux axes.<\/p>\n<p>Selon cette note de synth\u00e8se, ce nouveau cadre de r\u00e9f\u00e9rence des politiques publiques que conduiront le gouvernement et l\u2019administration publique repose sur trois orientations fondamentales. D\u2019abord, le gouvernement s\u2019engage \u00e0 op\u00e9rer un mix entre import\/substitution et promotion des exportations. \u00ab<em>En effet la forte extraversion de notre \u00e9conomie, qui rend difficile nos politiques de relance et ne favorise pas l\u2019\u00e9closion de nos PME\/PMI, exige des mesures volontaristes au titre d\u2019une substitution des importations. De m\u00eame, nous ne pouvons s\u00e9rieusement envisager notre industrialisation en comptant seulement sur notre march\u00e9 int\u00e9rieur. Nous devons envisager un d\u00e9veloppement industriel tourn\u00e9 vers l\u2019exportation<\/em>\u00bb, explique le document.<\/p>\n<p><strong>Lire aussi<\/strong> : \u00a0\u00a0<a href=\"https:\/\/ecomatin.net\/secteur-rural-lagriculture-familiale-pour-assurer-la-securite-alimentaire\/\">Secteur rural l\u2019agriculture familiale pour assurer la s\u00e9curit\u00e9 alimentaire<\/a><\/p>\n<p>Ensuite, l\u2019Etat devra investir optimalement ses aspects strat\u00e9giques et programmatiques pour mettre \u00ab<em>en place les facilit\u00e9s pour l\u2019\u00e9mergence du secteur priv\u00e9 comme principal moteur de la croissance \u00e9conomique et r\u00e9alise opportun\u00e9ment des interventions cibl\u00e9es<\/em>\u00bb.<\/p>\n<p>Enfin, la strat\u00e9gie combinera planification ferme et planification strat\u00e9gique. \u00ab<em>L\u2019id\u00e9e de fond \u00e9tant de soutenir la planification par un cadre l\u00e9gal et r\u00e9glementaire appropri\u00e9, renfor\u00e7ant ainsi son statut<\/em>\u00bb, \u00e9crit le document.<\/p>\n<p>En clair, le gouvernement entend faire de la Strat\u00e9gie Nationale de D\u00e9veloppement 2020-2030, une loi. Ce qui sera l\u2019une des ruptures majeures avec le Document de Strat\u00e9gie pour la Croissance et l\u2019Emploi (Dsce), qui op\u00e9rationnalisait, dans la d\u00e9cade 2010-2020, la vision d\u2019\u00e9mergence du Cameroun \u00e0 l\u2019horizon 2035, et qui, sans jeu de mot r\u00e9ducteur, n\u2019est rest\u00e9 qu\u2019un\u2026document. L\u2019option du gouvernement d\u2019inscrire la SDN30 dans le droit positif national, qui signe ainsi une innovation majeure dans la planification contemporaine du d\u00e9veloppement du pays, est d\u2019autant plus acquise qu\u2019elle est impuls\u00e9e, \u00e0 la r\u00e9alit\u00e9, depuis le sommet de l\u2019Etat.<\/p>\n<p><strong>Lire aussi<\/strong> : <a href=\"https:\/\/ecomatin.net\/planification-des-orientations-precises-pour-la-2eme-phase-du-dsce\/\">Planification\u00a0: des orientations pr\u00e9cises pour la 2eme phase du Dsce<\/a><\/p>\n<p><strong>Une avanc\u00e9e vers\u2026le pass\u00e9<\/strong><\/p>\n<p>Dans sa circulaire relative \u00e0 la pr\u00e9paration du budget de l\u2019Etat pour l\u2019exercice 2021 sign\u00e9e le 10 juillet 2020, le pr\u00e9sident de la R\u00e9publique, Paul Biya, avait en effet charg\u00e9 le gouvernement, entre autres, d\u2019\u00ab<em>\u00e9laborer l\u2019avant-projet de loi de modernisation de l\u2019\u00e9conomie, portant orientation programmatique de la Strat\u00e9gie Nationale de D\u00e9veloppement du Cameroun pour la p\u00e9riode 2020-2030<\/em>\u00bb.<\/p>\n<p>Si cette d\u00e9cision signe une avanc\u00e9e, il s\u2019agit surtout, dans la tradition de programmation strat\u00e9gique du Cameroun post-ind\u00e9pendance, d\u2019une avanc\u00e9e vers\u2026le pass\u00e9\u00a0: de 1960 \u00e0 1985, le Cameroun a \u00e9labor\u00e9 et ex\u00e9cut\u00e9 cinq plans quinquennaux qui \u00e9taient tous vot\u00e9s \u00e0 l\u2019Assembl\u00e9e nationale, traduisant ainsi, de la part des dirigeants du pays, une volont\u00e9 politique forte de les voir r\u00e9ussir. Cette option, qui fut l\u2019une des forces majeurs ayant contribu\u00e9 \u00e0 la conduite satisfaisante de la plupart de ces plans de d\u00e9veloppement, en fut aussi, \u00e0 la v\u00e9rit\u00e9, une des principales insuffisances\u00a0: la faible flexibilit\u00e9 ou adaptabilit\u00e9 de cette planification par rapport \u00e0 l\u2019\u00e9volution de l\u2019environnement \u00e9conomique, du fait de la rigidit\u00e9 de la loi, qui ne donnait pas toujours la possibilit\u00e9 de redimensionner les projets en temps de crise.<\/p>\n<p><strong>Lire aussi<\/strong> : <a href=\"https:\/\/ecomatin.net\/planification-le-gouvernement-avoue-lechec-du-dsce\/\">Planification\u00a0: le gouvernement avoue l\u2019echec du Dsce<\/a><\/p>\n<p>C\u2019est pour s\u2019en pr\u00e9munir que le gouvernement a opt\u00e9, dans le cadre de la deuxi\u00e8me d\u00e9cennie de mise en \u0153uvre de sa vision d\u2019\u00e9mergence \u00e0 l\u2019horizon 2035, pour la combinaison d\u2019une planification strat\u00e9gique ferme, plus contraignante, pour toute la d\u00e9cade, et d\u2019une planification structurelle (plus souple), qui permettra, dans le cadre des budgets-programmes triennaux ou des budgets annuels, d\u2019adapter la premi\u00e8re, aux contraintes conjoncturelles.<\/p>\n<div class=\"awac-wrapper awac widget posts-list-widget-11\">\n<h4 class=\"widget-title\">Le plus r\u00e9cent<\/h4>\n<\/div>\n<p>Auteur: Eco Matin<br \/>\n<a href=\"https:\/\/ecomatin.net\/planification-le-gouvernement-va-eriger-la-snd30-en-loi\/\">Cliquez ici pour lire l&rsquo;article depuis sa source.<\/a><\/p>\n","protected":false},"excerpt":{"rendered":"<p>Selon une note d\u2019information officielle, le ministre de l\u2019\u00c9conomie, de la Planification et de l\u2019Am\u00e9nagement du Territoire (Minepat), Alamine Ousmane Mey, pr\u00e9sente ce lundi 16 novembre 2020, la Strat\u00e9gie Nationale de D\u00e9veloppement 2020-2030 (SDN30). En pr\u00e9lude \u00e0 cet \u00e9v\u00e8nement, les collaborateurs du ministre ont rendu publique une note de synth\u00e8se de la dite Strat\u00e9gie, qui [&hellip;]<\/p>\n","protected":false},"author":1969,"featured_media":0,"comment_status":"closed","ping_status":"closed","sticky":false,"template":"","format":"standard","meta":{"fifu_image_url":"","fifu_image_alt":"","footnotes":""},"categories":[82,78],"tags":[],"class_list":["post-104647","post","type-post","status-publish","format-standard","hentry","category-cameroun","category-economie"],"_links":{"self":[{"href":"https:\/\/linitiative.ca\/International\/wp-json\/wp\/v2\/posts\/104647","targetHints":{"allow":["GET"]}}],"collection":[{"href":"https:\/\/linitiative.ca\/International\/wp-json\/wp\/v2\/posts"}],"about":[{"href":"https:\/\/linitiative.ca\/International\/wp-json\/wp\/v2\/types\/post"}],"author":[{"embeddable":true,"href":"https:\/\/linitiative.ca\/International\/wp-json\/wp\/v2\/users\/1969"}],"replies":[{"embeddable":true,"href":"https:\/\/linitiative.ca\/International\/wp-json\/wp\/v2\/comments?post=104647"}],"version-history":[{"count":0,"href":"https:\/\/linitiative.ca\/International\/wp-json\/wp\/v2\/posts\/104647\/revisions"}],"wp:attachment":[{"href":"https:\/\/linitiative.ca\/International\/wp-json\/wp\/v2\/media?parent=104647"}],"wp:term":[{"taxonomy":"category","embeddable":true,"href":"https:\/\/linitiative.ca\/International\/wp-json\/wp\/v2\/categories?post=104647"},{"taxonomy":"post_tag","embeddable":true,"href":"https:\/\/linitiative.ca\/International\/wp-json\/wp\/v2\/tags?post=104647"}],"curies":[{"name":"wp","href":"https:\/\/api.w.org\/{rel}","templated":true}]}}