{"id":104653,"date":"2020-11-14T06:56:45","date_gmt":"2020-11-14T11:56:45","guid":{"rendered":"https:\/\/linitiative.ca\/International\/guergarat-operation-preservation-de-la-legalite-internationale\/"},"modified":"2020-11-14T06:56:45","modified_gmt":"2020-11-14T11:56:45","slug":"guergarat-operation-preservation-de-la-legalite-internationale","status":"publish","type":"post","link":"https:\/\/linitiative.ca\/International\/guergarat-operation-preservation-de-la-legalite-internationale\/","title":{"rendered":"Guergarat: op\u00e9ration pr\u00e9servation de la l\u00e9galit\u00e9 internationale"},"content":{"rendered":"<p><img decoding=\"async\" class=\"post_layout_5_img\" src=\"http:\/\/aujourdhui.ma\/wp-content\/uploads\/2020\/11\/FAR-Maroc.jpg\" alt=\"Guergarat: op&#xE9;ration pr&#xE9;servation de la l&#xE9;galit&#xE9; internationale\"\/><\/p>\n<p><span class=\"c5\"><strong>L\u2019intervention professionnelle des FAR a permis de nettoyer la zone<\/strong><\/span><span id=\"more-360460\"\/><\/p>\n<p>C\u2019est la deuxi\u00e8me fois que le Maroc se trouve dans l\u2019obligation d\u2019intervenir en moins de cinq ans. Apr\u00e8s une premi\u00e8re op\u00e9ration en 2016 dans la zone dite \u00abkandahar\u00bb o\u00f9 les miliciens du polisario s\u2019adonnaient \u00e0 des trafics de tout genre des groupes proches de la mouvance djihadiste, les Forces Arm\u00e9es Royales ont de nouveau r\u00e9cidiv\u00e9 cette fois-ci pour d\u00e9fendre la l\u00e9galit\u00e9 internationale.<\/p>\n<p>Cela fait des mois que les s\u00e9paratistes faisaient la sourde oreille aux appels, notamment du SG de l\u2019ONU, de ne pas entraver la fluidit\u00e9 du trafic international dans la zone. Apr\u00e8s des semaines d\u2019attente, la r\u00e9action du Maroc est venue nette et rapide. Selon le minist\u00e8re des Affaires \u00e9trang\u00e8res, de la Coop\u00e9ration et des Marocains r\u00e9sidant \u00e0 l\u2019\u00e9tranger, \u00able Maroc a d\u00e9cid\u00e9 d\u2019agir, dans le respect de ses attributions, en vertu de ses devoirs et en parfaite conformit\u00e9 avec la l\u00e9galit\u00e9 internationale\u00bb. Face aux provocations graves et inacceptables auxquelles se sont adonn\u00e9es les milices du \u00ab polisario \u00bb dans la zone tampon de Guergarate au Sahara marocain et apr\u00e8s s\u2019\u00eatre astreint \u00e0 la plus grande retenue, face aux provocations des milices du \u00abpolisario\u00bb, \u00able Royaume du Maroc n\u2019a eu, selon le minist\u00e8re, \u201cd\u2019autre choix que d\u2019assumer ses responsabilit\u00e9s afin de mettre un terme \u00e0 la situation de blocage g\u00e9n\u00e9r\u00e9e par ces agissements et restaurer la libre circulation civile et commerciale\u00bb. Le \u00abpolisario\u00bb et ses milices, qui se sont introduits dans la zone depuis le 21 octobre 2020, y ont men\u00e9 des actes de banditisme, bloqu\u00e9 la circulation des personnes et des biens sur cet axe routier et harcel\u00e9 continuellement les Observateurs militaires de la Minurso, rappelle le minist\u00e8re, relevant que ces agissements document\u00e9s constituent de v\u00e9ritables actes pr\u00e9m\u00e9dit\u00e9s de d\u00e9stabilisation qui alt\u00e8rent le statut de la zone, violent les accords militaires et repr\u00e9sentent une menace r\u00e9elle \u00e0 la p\u00e9rennit\u00e9 du cessez-le-feu.<\/p>\n<p>Ces actes sapent les chances de toute relance du processus politique souhait\u00e9e par la Communaut\u00e9 internationale, a martel\u00e9 le minist\u00e8re, notant que depuis 2016, le \u00ab polisario \u00bb a multipli\u00e9 ces agissements dangereux et intol\u00e9rables dans cette zone tampon, en violation des accords militaires, au m\u00e9pris des rappels \u00e0 l\u2019ordre lanc\u00e9s par le Secr\u00e9taire G\u00e9n\u00e9ral de l\u2019ONU et en transgression des r\u00e9solutions du Conseil de S\u00e9curit\u00e9, notamment 2414 et 2440, qui ont enjoint au \u00abpolisario\u00bb de mettre fin \u00e0 ces actes d\u00e9stabilisateurs. Pour Naoufal Bouamri, avocat et sp\u00e9cialiste des questions sahariennes, \u00abl\u2019intervention du Maroc s\u2019est faite dans le cadre de la l\u00e9galit\u00e9 internationale ainsi que les diff\u00e9rentes r\u00e9solutions du Conseil de s\u00e9curit\u00e9 de l\u2019ONU notamment la r\u00e9solution 2548 qui consacr\u00e9e la nature de cette zone comme \u00e9tant une zone tampon d\u00e9militaris\u00e9e sous supervision de la MINURSO, comme pr\u00e9vu d\u2019ailleurs par l\u2019accord du cessez-le-feu. L\u2019op\u00e9ration \u00e9tait donc en total respect de cet accord et ne s\u2019est pas faite en dehors de la l\u00e9galit\u00e9 internationale.<\/p>\n<p>Au contraire, je pense que l\u2019intervention est venue pour pr\u00e9server l\u2019esprit de l\u2019accord du cessez-le-feu puisque l\u2019op\u00e9ration a mis un terme aux provocations des milices du polisario qui mena\u00e7aient la r\u00e9gion enti\u00e8re ainsi que la vie des civils et des personnes en transit au poste de Guergarat\u00bb. Plus loin encore, la m\u00eame source explique que \u00abla situation a connu une \u00e9volution positive. Le Maroc a r\u00e9alis\u00e9 une op\u00e9ration s\u00e9curitaire film\u00e9e, ce qui a permis de savoir que les \u00e9l\u00e9ments du polisario n\u2019\u00e9taient pas des civils mais arm\u00e9s. Avant leur retrait, ces derniers ont d\u00e9lib\u00e9r\u00e9ment incendi\u00e9 leurs tentes o\u00f9 ils \u00e9taient en embuscade. Il faut dire que le plus important concerne les r\u00e9actions sur le plan international. La Russie, membre du Conseil de s\u00e9curit\u00e9, a ainsi appel\u00e9 \u00e0 pr\u00e9server le statut de la r\u00e9gion sans trop s\u2019attarder sur l\u2019op\u00e9ration marocaine ce qui veut dire que cette derni\u00e8re a b\u00e9n\u00e9fici\u00e9 d\u2019un consensus international<\/p>\n<p>et d\u2019un soutien politique\u00bb. Dans ce sens, plusieurs pays ont d\u00e9clar\u00e9 leur soutien au Royaume. C\u2019est le cas notamment des \u00c9mirats Arabes Unis et du Qatar pour ne citer que ces deux pays. A noter que les Forces Arm\u00e9es Royales (FAR) ont proc\u00e9d\u00e9, dans la nuit de jeudi \u00e0 vendredi, \u00e0 la mise en place d\u2019un cordon de s\u00e9curit\u00e9 en vue de s\u00e9curiser le flux des biens et des personnes \u00e0 travers la zone tampon de Guerguarate, reliant le Maroc \u00e0 la Mauritanie. Un communiqu\u00e9 de l\u2019Etat Major G\u00e9n\u00e9ral des Forces Arm\u00e9es Royales explique que \u201cSuite au blocage par une soixantaine de personnes encadr\u00e9es, par des miliciens arm\u00e9s du polisario, de l\u2019axe routier traversant la zone tampon de Guerguarate reliant le Royaume du Maroc et la R\u00e9publique Islamique de Mauritanie, et l\u2019interdiction du droit de passage, les Forces Arm\u00e9es Royales proc\u00e8dent \u00e0 la mise en place d\u2019un cordon de s\u00e9curit\u00e9 en vue de s\u00e9curiser le flux des biens et des personnes \u00e0 travers cet axe\u201d. La m\u00eame source a pr\u00e9cis\u00e9 que \u201cCette op\u00e9ration non offensive et sans aucune intention belliqueuse se d\u00e9roule selon des r\u00e8gles d\u2019engagement claires, prescrivant d\u2019\u00e9viter tout contact avec des personnes civiles et de ne recourir \u00e0 l\u2019usage des armes qu\u2019en cas de l\u00e9gitime d\u00e9fense\u201d.<\/p>\n<p>Auteur: Mohamed Badrane<br \/>\n<a href=\"https:\/\/aujourdhui.ma\/actualite\/guergarat-operation-preservation-de-la-legalite-internationale\">Cliquez ici pour lire l&rsquo;article depuis sa source.<\/a><\/p>\n","protected":false},"excerpt":{"rendered":"<p>L\u2019intervention professionnelle des FAR a permis de nettoyer la zone C\u2019est la deuxi\u00e8me fois que le Maroc se trouve dans l\u2019obligation d\u2019intervenir en moins de cinq ans. Apr\u00e8s une premi\u00e8re op\u00e9ration en 2016 dans la zone dite \u00abkandahar\u00bb o\u00f9 les miliciens du polisario s\u2019adonnaient \u00e0 des trafics de tout genre des groupes proches de la [&hellip;]<\/p>\n","protected":false},"author":1759,"featured_media":104654,"comment_status":"closed","ping_status":"closed","sticky":false,"template":"","format":"standard","meta":{"fifu_image_url":"","fifu_image_alt":"","footnotes":""},"categories":[73,54],"tags":[],"class_list":["post-104653","post","type-post","status-publish","format-standard","has-post-thumbnail","hentry","category-actualite","category-maroc"],"_links":{"self":[{"href":"https:\/\/linitiative.ca\/International\/wp-json\/wp\/v2\/posts\/104653","targetHints":{"allow":["GET"]}}],"collection":[{"href":"https:\/\/linitiative.ca\/International\/wp-json\/wp\/v2\/posts"}],"about":[{"href":"https:\/\/linitiative.ca\/International\/wp-json\/wp\/v2\/types\/post"}],"author":[{"embeddable":true,"href":"https:\/\/linitiative.ca\/International\/wp-json\/wp\/v2\/users\/1759"}],"replies":[{"embeddable":true,"href":"https:\/\/linitiative.ca\/International\/wp-json\/wp\/v2\/comments?post=104653"}],"version-history":[{"count":0,"href":"https:\/\/linitiative.ca\/International\/wp-json\/wp\/v2\/posts\/104653\/revisions"}],"wp:featuredmedia":[{"embeddable":true,"href":"https:\/\/linitiative.ca\/International\/wp-json\/"}],"wp:attachment":[{"href":"https:\/\/linitiative.ca\/International\/wp-json\/wp\/v2\/media?parent=104653"}],"wp:term":[{"taxonomy":"category","embeddable":true,"href":"https:\/\/linitiative.ca\/International\/wp-json\/wp\/v2\/categories?post=104653"},{"taxonomy":"post_tag","embeddable":true,"href":"https:\/\/linitiative.ca\/International\/wp-json\/wp\/v2\/tags?post=104653"}],"curies":[{"name":"wp","href":"https:\/\/api.w.org\/{rel}","templated":true}]}}