{"id":104663,"date":"2020-11-14T08:50:00","date_gmt":"2020-11-14T13:50:00","guid":{"rendered":"https:\/\/linitiative.ca\/International\/21-deces-enregistres-au-chu-de-bejaia-en-moins-de-48h\/"},"modified":"2020-11-14T08:50:00","modified_gmt":"2020-11-14T13:50:00","slug":"21-deces-enregistres-au-chu-de-bejaia-en-moins-de-48h","status":"publish","type":"post","link":"https:\/\/linitiative.ca\/International\/21-deces-enregistres-au-chu-de-bejaia-en-moins-de-48h\/","title":{"rendered":"21 d\u00e9c\u00e8s enregistr\u00e9s au CHU de B\u00e9ja\u00efa en moins de 48h"},"content":{"rendered":"<div id=\"originalText\" readability=\"43\">\n<p>Le centre hospitalo-universitaire de la wilaya de B\u00e9ja\u00efa a enregistr\u00e9 21 d\u00e9c\u00e8s dus \u00e0 la contamination au covid-19,\u00a0 en moins de 48h, alors que \u00a041 personnes infect\u00e9es par le virus, dont 30 malades admis aux urgences et n\u00e9cessitant une oxyg\u00e9nation, ont \u00e9t\u00e9 hospitalis\u00e9s\u00a0\u00a0 entre jeudi soir et samedi matin, selon \u00a0Hafid Boudraham, surveillant m\u00e9dical au m\u00eame \u00e9tablissement hospitalier.<\/p>\n<p class=\"c6\"><strong>L.Oubira pour R\u00e9daction Web\u00a0<\/strong><\/p>\n<\/div>\n<div id=\"text_core\" readability=\"43\">\n<p>Le centre hospitalo-universitaire de la wilaya de B\u00e9ja\u00efa a enregistr\u00e9 21 d\u00e9c\u00e8s dus \u00e0 la contamination au covid-19,\u00a0 en moins de 48h, alors que \u00a041 personnes infect\u00e9es par le virus, dont 30 malades admis aux urgences et n\u00e9cessitant une oxyg\u00e9nation, ont \u00e9t\u00e9 hospitalis\u00e9s\u00a0\u00a0 entre jeudi soir et samedi matin, selon \u00a0Hafid Boudraham, surveillant m\u00e9dical au m\u00eame \u00e9tablissement hospitalier.<\/p>\n<p class=\"c6\"><strong>L.Oubira pour R\u00e9daction Web\u00a0<\/strong><\/p>\n<\/div>\n<p>Auteur:<br \/>\n<a href=\"https:\/\/www.liberte-algerie.com\/actualite\/21-deces-enregistres-au-chu-de-bejaia-en-moins-de-48h-348967\">Cliquez ici pour lire l&rsquo;article depuis sa source.<\/a><\/p>\n","protected":false},"excerpt":{"rendered":"<p>Le centre hospitalo-universitaire de la wilaya de B\u00e9ja\u00efa a enregistr\u00e9 21 d\u00e9c\u00e8s dus \u00e0 la contamination au covid-19,\u00a0 en moins de 48h, alors que \u00a041 personnes infect\u00e9es par le virus, dont 30 malades admis aux urgences et n\u00e9cessitant une oxyg\u00e9nation, ont \u00e9t\u00e9 hospitalis\u00e9s\u00a0\u00a0 entre jeudi soir et samedi matin, selon \u00a0Hafid Boudraham, surveillant m\u00e9dical au [&hellip;]<\/p>\n","protected":false},"author":1742,"featured_media":0,"comment_status":"closed","ping_status":"closed","sticky":false,"template":"","format":"standard","meta":{"fifu_image_url":"","fifu_image_alt":"","footnotes":""},"categories":[73,53],"tags":[],"class_list":["post-104663","post","type-post","status-publish","format-standard","hentry","category-actualite","category-algerie"],"_links":{"self":[{"href":"https:\/\/linitiative.ca\/International\/wp-json\/wp\/v2\/posts\/104663","targetHints":{"allow":["GET"]}}],"collection":[{"href":"https:\/\/linitiative.ca\/International\/wp-json\/wp\/v2\/posts"}],"about":[{"href":"https:\/\/linitiative.ca\/International\/wp-json\/wp\/v2\/types\/post"}],"author":[{"embeddable":true,"href":"https:\/\/linitiative.ca\/International\/wp-json\/wp\/v2\/users\/1742"}],"replies":[{"embeddable":true,"href":"https:\/\/linitiative.ca\/International\/wp-json\/wp\/v2\/comments?post=104663"}],"version-history":[{"count":0,"href":"https:\/\/linitiative.ca\/International\/wp-json\/wp\/v2\/posts\/104663\/revisions"}],"wp:attachment":[{"href":"https:\/\/linitiative.ca\/International\/wp-json\/wp\/v2\/media?parent=104663"}],"wp:term":[{"taxonomy":"category","embeddable":true,"href":"https:\/\/linitiative.ca\/International\/wp-json\/wp\/v2\/categories?post=104663"},{"taxonomy":"post_tag","embeddable":true,"href":"https:\/\/linitiative.ca\/International\/wp-json\/wp\/v2\/tags?post=104663"}],"curies":[{"name":"wp","href":"https:\/\/api.w.org\/{rel}","templated":true}]}}