{"id":104666,"date":"2020-11-14T07:30:30","date_gmt":"2020-11-14T12:30:30","guid":{"rendered":"https:\/\/linitiative.ca\/International\/mobilisation-totale-pour-defendre-lintegrite-territoriale\/"},"modified":"2020-11-14T07:30:30","modified_gmt":"2020-11-14T12:30:30","slug":"mobilisation-totale-pour-defendre-lintegrite-territoriale","status":"publish","type":"post","link":"https:\/\/linitiative.ca\/International\/mobilisation-totale-pour-defendre-lintegrite-territoriale\/","title":{"rendered":"Mobilisation totale pour d\u00e9fendre l\u2019int\u00e9grit\u00e9 territoriale"},"content":{"rendered":"<div readability=\"38\">\n<p>Marrakech- La d\u00e9cision du Maroc d\u2019agir dans la zone tampon de Guergarate t\u00e9moigne de la mobilisation de toutes les institutions et composantes de la soci\u00e9t\u00e9 marocaine pour d\u00e9fendre l\u2019int\u00e9grit\u00e9 territoriale du Royaume, a soulign\u00e9 vendredi le doyen par int\u00e9rim de la facult\u00e9 des sciences juridiques, \u00e9conomiques et sociales de Marrakech, M. Zakaria Khalil.<\/p>\n<\/div>\n<div readability=\"99\">\n<p>Cette d\u00e9marche garantit \u00ab\u00a0la s\u00e9curit\u00e9 et la paix au Sahara marocain, notamment dans la zone tampon de Guergarate, avec toute la fermet\u00e9 requise et le seul langage que comprend les bandits et leurs milices arm\u00e9es, y compris ceux d\u00e9guis\u00e9s en civil, qui sont immerg\u00e9s dans des illusions enterr\u00e9es par le statu-quo de droit et le statu-quo de fait\u00a0\u00bb, a indiqu\u00e9 M. Khalil dans une d\u00e9claration \u00e0 la MAP.<\/p>\n<p>\u00ab\u00a0A travers cette d\u00e9cision, le Maroc a r\u00e9affirm\u00e9 son attachement ind\u00e9fectible aux r\u00e9solutions de l\u2019ONU et \u00e0 la l\u00e9gitimit\u00e9 internationale et son rejet cat\u00e9gorique de la politique de facto, que les ennemis de l\u2019int\u00e9grit\u00e9 territoriale consid\u00e8rent un moyen pour sortir de leur isolement aux niveaux continental et international suite \u00e0 la faillite de leurs th\u00e8ses illusionnistes qui sautent sur les faits de l\u2019histoire et la l\u00e9gitimit\u00e9 internationale\u00a0\u00bb, a-t-il relev\u00e9.<\/p>\n<p>Selon M. Khalil, \u00ab\u00a0le Maroc, en tant qu\u2019Etat souverain exer\u00e7ant sa souverainet\u00e9 sur l\u2019ensemble de son territoire, s\u2019est vu oblig\u00e9 d\u2019assumer ses responsabilit\u00e9s pour mettre fin \u00e0 ces provocations, \u00e0 savoir le blocage de la circulation des personnes et des biens sur cet axe routier entre le Maroc et la Mauritanie\u00a0\u00bb.<\/p>\n<p>Dans ce sens, l\u2019acad\u00e9micien a soulign\u00e9 que le Maroc a agi dans le respect de ses attributions, en vertu de ses devoirs et en parfaite conformit\u00e9 avec la l\u00e9galit\u00e9 internationale, afin d\u2019assurer la libre circulation avec les pays voisins et d\u2019emp\u00eacher tout acte qui peut provoquer le chaos et entraver la circulation des personnes et des biens.<\/p>\n<p>Le communiqu\u00e9 du minist\u00e8re des Affaires \u00e9trang\u00e8res, de la Coop\u00e9ration africaine et des Marocains r\u00e9sidant \u00e0 l\u2019\u00e9tranger est bien fond\u00e9 et annonc\u00e9 au moment opportun apr\u00e8s que le \u00ab\u00a0polisario\u00a0\u00bb et ses milices se sont introduits dans la zone tampon de Guergarate et y ont men\u00e9 des actes de banditisme, bloqu\u00e9 la circulation des personnes et des biens sur cet axe routier, et harcel\u00e9 continuellement les Observateurs militaires de la Minurso, a-t-il expliqu\u00e9.<\/p>\n<p>\u00ab\u00a0Ce comportement hasardeux constitue une violation flagrante du statut juridique et de la l\u00e9gitimit\u00e9 internationale que le Conseil de s\u00e9curit\u00e9 a consacr\u00e9e \u00e0 travers de nombreuses r\u00e9solutions\u00a0\u00bb, a relev\u00e9 M. Khalil, rappelant que le Maroc a fait preuve de sagesse malgr\u00e9 les provocations r\u00e9p\u00e9t\u00e9es des mercenaires soutenus par les ennemis de l\u2019int\u00e9grit\u00e9 territoriale du Royaume, qui ont perdu tout espoir apr\u00e8s les victoires juridiques et diplomatiques remport\u00e9es par le Maroc qui ont renforc\u00e9 sa position et son statut juridique sur son Sahara.<\/p>\n<p>Dans ce sens, le doyen a soulign\u00e9 que \u00ab\u00a0l\u2019infiltration des milices du polisario et ses mercenaires, en groupes arm\u00e9s ou en civil, dans la zone tampon de Guergarate constitue une menace pour la paix et la s\u00e9curit\u00e9, ce qui a \u00e9t\u00e9 constat\u00e9 et confirm\u00e9 par les membres de la MINURSO et d\u2019autres observateurs internationaux\u00a0\u00bb.<\/p>\n<p>Et de conclure que \u00ab\u00a0le Maroc, de par sa position aux niveaux continental et international et son respect des r\u00e9solutions de l\u2019ONU de la l\u00e9gitimit\u00e9 internationale, ne c\u00e8dera \u00e0 aucun chantage ni \u00e0 aucune tentative de contourner la l\u00e9gitimit\u00e9 internationale ou de changer le statu-quo, et confirme sa confiance dans les organes de l\u2019ONU pour trouver une solution \u00e0 ce conflit artificiel dans le cadre du respect de la souverainet\u00e9 marocaine\u00a0\u00bb.<\/p>\n<\/div>\n<p>Auteur: Mohammed KOURSI<br \/>\n<a href=\"http:\/\/www.mapmarrakech.ma\/fr\/guergarate-mobilisation-totale-pour-defendre-lintegrite-territoriale\/\">Cliquez ici pour lire l&rsquo;article depuis sa source.<\/a><\/p>\n","protected":false},"excerpt":{"rendered":"<p>Marrakech- La d\u00e9cision du Maroc d\u2019agir dans la zone tampon de Guergarate t\u00e9moigne de la mobilisation de toutes les institutions et composantes de la soci\u00e9t\u00e9 marocaine pour d\u00e9fendre l\u2019int\u00e9grit\u00e9 territoriale du Royaume, a soulign\u00e9 vendredi le doyen par int\u00e9rim de la facult\u00e9 des sciences juridiques, \u00e9conomiques et sociales de Marrakech, M. Zakaria Khalil. Cette d\u00e9marche [&hellip;]<\/p>\n","protected":false},"author":1788,"featured_media":0,"comment_status":"closed","ping_status":"closed","sticky":false,"template":"","format":"standard","meta":{"fifu_image_url":"","fifu_image_alt":"","footnotes":""},"categories":[54,76],"tags":[],"class_list":["post-104666","post","type-post","status-publish","format-standard","hentry","category-maroc","category-regions"],"_links":{"self":[{"href":"https:\/\/linitiative.ca\/International\/wp-json\/wp\/v2\/posts\/104666","targetHints":{"allow":["GET"]}}],"collection":[{"href":"https:\/\/linitiative.ca\/International\/wp-json\/wp\/v2\/posts"}],"about":[{"href":"https:\/\/linitiative.ca\/International\/wp-json\/wp\/v2\/types\/post"}],"author":[{"embeddable":true,"href":"https:\/\/linitiative.ca\/International\/wp-json\/wp\/v2\/users\/1788"}],"replies":[{"embeddable":true,"href":"https:\/\/linitiative.ca\/International\/wp-json\/wp\/v2\/comments?post=104666"}],"version-history":[{"count":0,"href":"https:\/\/linitiative.ca\/International\/wp-json\/wp\/v2\/posts\/104666\/revisions"}],"wp:attachment":[{"href":"https:\/\/linitiative.ca\/International\/wp-json\/wp\/v2\/media?parent=104666"}],"wp:term":[{"taxonomy":"category","embeddable":true,"href":"https:\/\/linitiative.ca\/International\/wp-json\/wp\/v2\/categories?post=104666"},{"taxonomy":"post_tag","embeddable":true,"href":"https:\/\/linitiative.ca\/International\/wp-json\/wp\/v2\/tags?post=104666"}],"curies":[{"name":"wp","href":"https:\/\/api.w.org\/{rel}","templated":true}]}}