{"id":104668,"date":"2020-11-13T17:29:26","date_gmt":"2020-11-13T22:29:26","guid":{"rendered":"https:\/\/linitiative.ca\/International\/driouch-des-mesures-restrictives-pour-enrayer-la-propagation-du-covid-19\/"},"modified":"2020-11-13T17:29:26","modified_gmt":"2020-11-13T22:29:26","slug":"driouch-des-mesures-restrictives-pour-enrayer-la-propagation-du-covid-19","status":"publish","type":"post","link":"https:\/\/linitiative.ca\/International\/driouch-des-mesures-restrictives-pour-enrayer-la-propagation-du-covid-19\/","title":{"rendered":"Driouch: des mesures restrictives pour enrayer la propagation du Covid-19"},"content":{"rendered":"<p class=\"c4\">Les autorit\u00e9s provinciales de Driouch ont annonc\u00e9, vendredi, la mise en application \u00e0 compter de dimanche (15 novembre \u00e0 18H) d\u2019une s\u00e9rie de mesures pr\u00e9ventives visant \u00e0 enrayer la propagation de la pand\u00e9mie du coronavirus (Covid-19).<\/p>\n<p class=\"c4\">Un communiqu\u00e9 de la pr\u00e9fecture de la province de Driouch explique que ces mesures anti-covid ont \u00e9t\u00e9 prises sur la base de l\u2019\u00e9valuation de la situation \u00e9pid\u00e9miologique par le comit\u00e9 provincial de vigilance et ses recommandations suite \u00e0 la hausse du nombre de contaminations au coronavirus.<\/p>\n<p class=\"c4\">Il a \u00e9t\u00e9 ainsi d\u00e9cid\u00e9 l\u2019imposition d\u2019une autorisation exceptionnelle de d\u00e9placements de et vers le territoire de la province de Driouch d\u00e9livr\u00e9e par les autorit\u00e9s administratives comp\u00e9tentes \u00e0 des fins professionnelles, humanitaires ou sanitaires, et l\u2019interdiction de toutes les formes de d\u00e9placement nocturne, entre 22H et 06H, \u00e0 l\u2019exception des d\u00e9placements indispensables pour des raisons sanitaires ou professionnelles.<\/p>\n<p class=\"c4\">Les d\u00e9cisions prises concernent \u00e9galement la fermeture des terrains de proximit\u00e9, des salles couvertes, des salles de sport et des jardins publics, en plus de la fermeture des march\u00e9s de proximit\u00e9 \u00e0 15H et l\u2019interdiction des rassemblements dans les endroits et espaces publics, y compris les r\u00e9unions familiales.<\/p>\n<p class=\"c4\">Il s\u2019agit aussi de la fermeture des locaux commercial, professionnel et de service entre 21H et 06H, ainsi que des caf\u00e9s et des restaurants, \u00e9galement entre 21H et 06H, avec l\u2019interdiction de la diffusion des matchs de football.<\/p>\n<p class=\"c4\">Le communiqu\u00e9 met l\u2019accent aussi sur la r\u00e9duction \u00e0 50 pc de la capacit\u00e9 des transports publics (taxis, bus et transport mixte), des hammams, et des salons de coiffure et de beaut\u00e9.<\/p>\n<p class=\"c4\">La m\u00eame source souligne l\u2019obligation du port de masques et du respect de la distanciation sociale, et l\u2019adoption du confinement sanitaire total pour les personnes test\u00e9es positives au Covid-19 et des cas contacts, avec la prise de mesures exceptionnelles dans les quartiers, avenues, ruelles et douars ou des foyers familiaux sont signal\u00e9s.<\/p>\n<p class=\"c4\">La m\u00eame source, qui appelle \u00e0 l\u2019encouragement du travail \u00e0 distance (t\u00e9l\u00e9travail) lorsque cela est possible, pr\u00e9cise que les d\u00e9cisions de fermeture et de d\u00e9placement ne s\u2019appliqueront par aux \u00e9tablissements sanitaires, les laboratoires, les pharmacies et leurs employ\u00e9s, idem pour les agents de l\u2019autorit\u00e9 locale et leurs auxiliaires, et les \u00e9l\u00e9ments de la gendarmerie royale, des forces auxiliaires et de la protection civile.<\/p>\n<p class=\"c4\">Par ailleurs, le communiqu\u00e9 invite tous les citoyens \u00e0 respecter scrupuleusement l\u2019ensemble de ces mesures pr\u00e9ventives visant \u00e0 endiguer la propagation de la pand\u00e9mie du nouveau coronavirus.<\/p>\n<p>Auteur: Soufiane ELAHMAR<br \/>\n<a href=\"http:\/\/www.mapoujda.ma\/fr\/driouch-des-mesures-restrictives-pour-enrayer-la-propagation-du-covid-19\/\">Cliquez ici pour lire l&rsquo;article depuis sa source.<\/a><\/p>\n","protected":false},"excerpt":{"rendered":"<p>Les autorit\u00e9s provinciales de Driouch ont annonc\u00e9, vendredi, la mise en application \u00e0 compter de dimanche (15 novembre \u00e0 18H) d\u2019une s\u00e9rie de mesures pr\u00e9ventives visant \u00e0 enrayer la propagation de la pand\u00e9mie du coronavirus (Covid-19). Un communiqu\u00e9 de la pr\u00e9fecture de la province de Driouch explique que ces mesures anti-covid ont \u00e9t\u00e9 prises sur [&hellip;]<\/p>\n","protected":false},"author":1788,"featured_media":0,"comment_status":"closed","ping_status":"closed","sticky":false,"template":"","format":"standard","meta":{"fifu_image_url":"","fifu_image_alt":"","footnotes":""},"categories":[54,76],"tags":[],"class_list":["post-104668","post","type-post","status-publish","format-standard","hentry","category-maroc","category-regions"],"_links":{"self":[{"href":"https:\/\/linitiative.ca\/International\/wp-json\/wp\/v2\/posts\/104668","targetHints":{"allow":["GET"]}}],"collection":[{"href":"https:\/\/linitiative.ca\/International\/wp-json\/wp\/v2\/posts"}],"about":[{"href":"https:\/\/linitiative.ca\/International\/wp-json\/wp\/v2\/types\/post"}],"author":[{"embeddable":true,"href":"https:\/\/linitiative.ca\/International\/wp-json\/wp\/v2\/users\/1788"}],"replies":[{"embeddable":true,"href":"https:\/\/linitiative.ca\/International\/wp-json\/wp\/v2\/comments?post=104668"}],"version-history":[{"count":0,"href":"https:\/\/linitiative.ca\/International\/wp-json\/wp\/v2\/posts\/104668\/revisions"}],"wp:attachment":[{"href":"https:\/\/linitiative.ca\/International\/wp-json\/wp\/v2\/media?parent=104668"}],"wp:term":[{"taxonomy":"category","embeddable":true,"href":"https:\/\/linitiative.ca\/International\/wp-json\/wp\/v2\/categories?post=104668"},{"taxonomy":"post_tag","embeddable":true,"href":"https:\/\/linitiative.ca\/International\/wp-json\/wp\/v2\/tags?post=104668"}],"curies":[{"name":"wp","href":"https:\/\/api.w.org\/{rel}","templated":true}]}}