{"id":104672,"date":"2020-11-14T10:30:00","date_gmt":"2020-11-14T15:30:00","guid":{"rendered":"https:\/\/linitiative.ca\/International\/emotion-en-bielorussie-et-nouvelles-menaces-de-lue\/"},"modified":"2020-11-14T10:30:00","modified_gmt":"2020-11-14T15:30:00","slug":"emotion-en-bielorussie-et-nouvelles-menaces-de-lue","status":"publish","type":"post","link":"https:\/\/linitiative.ca\/International\/emotion-en-bielorussie-et-nouvelles-menaces-de-lue\/","title":{"rendered":"Emotion en Bi\u00e9lorussie et nouvelles menaces de l\u2019UE"},"content":{"rendered":"<p class=\"p1 c3\"><span class=\"c2\">Des milliers de personnes sont descendues hier dans les rues de Minsk et d\u2019autres villes de Bi\u00e9lorussie apr\u00e8s la mort d\u2019un manifestant, victime de violences polici\u00e8res selon les opposants au pr\u00e9sident Alexandre Loukachenko. Des t\u00e9moins ont rapport\u00e9 que Roman Bondarenko, qui \u00e9tait \u00e2g\u00e9 de 31 ans, a \u00e9t\u00e9 arr\u00eat\u00e9 apr\u00e8s des \u00e9chauffour\u00e9es avec des hommes en civil qui tentaient d\u2019arracher des rubans aux couleurs du mouvement d\u2019opposition contre Loukachenko.<\/span><\/p>\n<p class=\"p1 c3\"><span class=\"c2\">Hospitalis\u00e9, il a succomb\u00e9 \u00e0 ses blessures.<\/span><\/p>\n<p class=\"p1 c3\"><span class=\"c2\">Le minist\u00e8re de l\u2019Int\u00e9rieur a d\u00e9menti toute responsabilit\u00e9 dans sa mort, ajoutant qu\u2019elle \u00e9tait la cons\u00e9quence d\u2019une bagarre avec des civils.<\/span><\/p>\n<p class=\"p1 c3\"><span class=\"c2\">La commission d\u2019enqu\u00eate, organisme d\u2019Etat, a pr\u00e9tendu que la victime \u00e9tait ivre, un constat r\u00e9fut\u00e9 par des m\u00e9dias locaux qui s\u2019appuient sur son autopsie.<\/span><\/p>\n<p class=\"p1 c3\"><span class=\"c2\">L\u2019Union europ\u00e9enne a qualifi\u00e9 son d\u00e9c\u00e8s de \u00abr\u00e9sultat choquant et honteux des actes des autorit\u00e9s de Bi\u00e9lorussie\u00bb qui \u00abont dirig\u00e9 directement et violemment une r\u00e9pression contre leur propre peuple\u00bb.<\/span><\/p>\n<p class=\"p1 c3\"><span class=\"c2\">L\u2019UE, qui a d\u2019ores et d\u00e9j\u00e0 inscrit sur liste noire plusieurs responsables bi\u00e9lorusses, ajoute qu\u2019elle pourrait \u00eatre amen\u00e9e \u00e0 prendre des sanctions suppl\u00e9mentaires.<\/span><\/p>\n<p class=\"p1 c3\"><span class=\"c2\">A Gen\u00e8ve, Rupert Colville, porte-parole des Nations unies pour les droits de l\u2019homme, a r\u00e9clam\u00e9 une \u00abenqu\u00eate compl\u00e8te, transparente et ind\u00e9pendante\u00bb sur les circonstances de ce d\u00e9c\u00e8s.<\/span><\/p>\n<p class=\"p1 c3\"><span class=\"c2\">L\u2019opposante Svetlana Tsikhanouska\u00efa, exil\u00e9e en Lituanie, a qualifi\u00e9 Roman Bondarenko de \u00abh\u00e9ros de la nation\u00bb.<\/span><\/p>\n<p class=\"p1 c3\"><span class=\"c2\">Au pouvoir depuis 1994, Alexandre Loukachenko fait face \u00e0 un mouvement in\u00e9dit de contestation depuis que l\u2019opposition, d\u00e9non\u00e7ant des fraudes massives, a rejet\u00e9 l\u2019annonce de sa r\u00e9\u00e9lection, le 9 ao\u00fbt dernier.<\/span><\/p>\n<p class=\"p1 c3\"><span class=\"c2\">Des vid\u00e9os diffus\u00e9es hier par des m\u00e9dias bi\u00e9lorusses montrent des personnes rassembl\u00e9es le long de routes, \u00e0 proximit\u00e9 d\u2019universit\u00e9s, d\u2019usines ou d\u2019h\u00f4pitaux et brandissant des drapeaux aux couleurs rouge et blanche de la contestation et des portraits de Bondarenko.<\/span><\/p>\n<p class=\"p1 c3\"><span class=\"c2\">\u00abNous n\u2019oublierons pas, nous ne pardonnerons pas\u00bb, ont scand\u00e9 des centaines de manifestants film\u00e9s sur les lieux o\u00f9 Roman Bondarenko, disent-ils, a \u00e9t\u00e9 arr\u00eat\u00e9 par les forces de s\u00e9curit\u00e9.<\/span><\/p>\n<p class=\"p1 c3\"><span class=\"c2\">Des cha\u00eenes humaines se sont \u00e9galement form\u00e9es dans la capitale. \u00abIl est impossible de tol\u00e9rer ce qu\u2019ils ont fait. Ici, tout le monde pleure\u00bb, a t\u00e9moign\u00e9 un participant.<\/span><\/p>\n<p>Auteur: letemps1<br \/>\n<a href=\"http:\/\/www.letemps.com.tn\/article\/118095\/emotion-en-bi%C3%A9lorussie-et-nouvelles-menaces-de-l%E2%80%99ue\">Cliquez ici pour lire l&rsquo;article depuis sa source.<\/a><\/p>\n","protected":false},"excerpt":{"rendered":"<p>Des milliers de personnes sont descendues hier dans les rues de Minsk et d\u2019autres villes de Bi\u00e9lorussie apr\u00e8s la mort d\u2019un manifestant, victime de violences polici\u00e8res selon les opposants au pr\u00e9sident Alexandre Loukachenko. Des t\u00e9moins ont rapport\u00e9 que Roman Bondarenko, qui \u00e9tait \u00e2g\u00e9 de 31 ans, a \u00e9t\u00e9 arr\u00eat\u00e9 apr\u00e8s des \u00e9chauffour\u00e9es avec des hommes [&hellip;]<\/p>\n","protected":false},"author":1773,"featured_media":0,"comment_status":"closed","ping_status":"closed","sticky":false,"template":"","format":"standard","meta":{"fifu_image_url":"","fifu_image_alt":"","footnotes":""},"categories":[73,55],"tags":[],"class_list":["post-104672","post","type-post","status-publish","format-standard","hentry","category-actualite","category-tunisie"],"_links":{"self":[{"href":"https:\/\/linitiative.ca\/International\/wp-json\/wp\/v2\/posts\/104672","targetHints":{"allow":["GET"]}}],"collection":[{"href":"https:\/\/linitiative.ca\/International\/wp-json\/wp\/v2\/posts"}],"about":[{"href":"https:\/\/linitiative.ca\/International\/wp-json\/wp\/v2\/types\/post"}],"author":[{"embeddable":true,"href":"https:\/\/linitiative.ca\/International\/wp-json\/wp\/v2\/users\/1773"}],"replies":[{"embeddable":true,"href":"https:\/\/linitiative.ca\/International\/wp-json\/wp\/v2\/comments?post=104672"}],"version-history":[{"count":0,"href":"https:\/\/linitiative.ca\/International\/wp-json\/wp\/v2\/posts\/104672\/revisions"}],"wp:attachment":[{"href":"https:\/\/linitiative.ca\/International\/wp-json\/wp\/v2\/media?parent=104672"}],"wp:term":[{"taxonomy":"category","embeddable":true,"href":"https:\/\/linitiative.ca\/International\/wp-json\/wp\/v2\/categories?post=104672"},{"taxonomy":"post_tag","embeddable":true,"href":"https:\/\/linitiative.ca\/International\/wp-json\/wp\/v2\/tags?post=104672"}],"curies":[{"name":"wp","href":"https:\/\/api.w.org\/{rel}","templated":true}]}}