{"id":104674,"date":"2020-11-14T10:30:00","date_gmt":"2020-11-14T15:30:00","guid":{"rendered":"https:\/\/linitiative.ca\/International\/lonu-parle-de-situation-desesperee\/"},"modified":"2020-11-14T10:30:00","modified_gmt":"2020-11-14T15:30:00","slug":"lonu-parle-de-situation-desesperee","status":"publish","type":"post","link":"https:\/\/linitiative.ca\/International\/lonu-parle-de-situation-desesperee\/","title":{"rendered":"L&rsquo;ONU parle de situation \u00ab\u00a0d\u00e9sesp\u00e9r\u00e9e\u00a0\u00bb"},"content":{"rendered":"<p class=\"p1 c3\"><span class=\"c2\">La violence terroriste ne faiblit pas au Mozambique. L&rsquo;ONU a demand\u00e9, hier, des mesures urgentes pour prot\u00e9ger les civils dans la province de Cabo Delgado, dans le nord-est du pays, en proie \u00e0 une r\u00e9bellion islamiste, jugeant la situation de la population \u00ab\u00a0d\u00e9sesp\u00e9r\u00e9e\u00a0\u00bb.<\/span><\/p>\n<p class=\"p1 c3\"><span class=\"c2\">\u00ab\u00a0La situation est d\u00e9sesp\u00e9r\u00e9e \u00e0 la fois pour ceux qui sont pi\u00e9g\u00e9s dans les zones touch\u00e9es par le conflit, avec \u00e0 peine de quoi survivre, et pour ceux qui sont d\u00e9plac\u00e9s \u00e0 travers la province et au-del\u00e0\u00a0\u00bb, a d\u00e9clar\u00e9 la Haute-Commissaire de l&rsquo;ONU aux droits de l&rsquo;homme, Michelle Bachelet, dans un communiqu\u00e9.<\/span><\/p>\n<p class=\"p2 c4\">\u00a0<\/p>\n<p class=\"p3 c5\"><span class=\"c2\"><strong>Meurtres de civils<span class=\"Apple-converted-space\">\u00a0<\/span><\/strong><\/span><\/p>\n<p class=\"p3 c5\"><span class=\"c2\"><strong>et affrontements<\/strong><\/span><\/p>\n<p class=\"p1 c3\"><span class=\"c2\">\u00ab\u00a0Ceux qui sont rest\u00e9s sur place ont \u00e9t\u00e9 priv\u00e9s des produits de premi\u00e8re n\u00e9cessit\u00e9 et risquent d&rsquo;\u00eatre tu\u00e9s, abus\u00e9s sexuellement, kidnapp\u00e9s ou recrut\u00e9s de force par des groupes arm\u00e9s. Ceux qui fuient risquent leur vie\u00a0\u00bb, a-t-elle d\u00e9plor\u00e9.<\/span><\/p>\n<p class=\"p1 c3\"><span class=\"c2\">Les terroristes, qui ont pr\u00eat\u00e9 all\u00e9geance au groupe Etat islamique (EI), sont actifs depuis trois ans dans la r\u00e9gion de Cabo Delgado. Ils attaquent les villages pour y semer la terreur et tenter d&rsquo;y implanter un califat. Les attaques, notamment le meurtre de civils et les affrontements avec les forces de s\u00e9curit\u00e9 \u00e0 diff\u00e9rents endroits de la province de Cabo Delgado, se sont multipli\u00e9es ces derni\u00e8res semaines.<\/span><\/p>\n<p class=\"p1 c3\"><span class=\"c2\">L&rsquo;ONU juge la situation des droits de l&rsquo;homme \u00ab\u00a0de plus en plus alarmante\u00a0\u00bb. Des dizaines de personnes auraient \u00e9t\u00e9 tu\u00e9es (dont des enfants) et des centaines auraient \u00e9t\u00e9 forc\u00e9es de fuir leurs maisons, selon le bureau de la Haute-Commissaire. Plus de 350 000 personnes ont \u00e9t\u00e9 d\u00e9plac\u00e9es en raison de la violence dans cette r\u00e9gion au cours des trois derni\u00e8res ann\u00e9es, selon l&rsquo;ONU.<\/span><\/p>\n<p class=\"p1 c3\"><span class=\"c2\">Depuis le 16 octobre, plus de 14 000 personnes ont fui par la mer. Au moins un bateau a chavir\u00e9, ce qui aurait fait une quarantaine de morts, dont des enfants, toujours selon l&rsquo;ONU. Le Haut-Commissariat craint que des milliers d&rsquo;autres personnes soient prises au pi\u00e8ge dans les zones de conflit, beaucoup se cachant pendant des jours.<\/span><\/p>\n<p class=\"p2 c4\">\u00a0<\/p>\n<p class=\"p3 c5\"><span class=\"c2\">Des zones isol\u00e9es priv\u00e9es d&rsquo;aide<\/span><\/p>\n<p class=\"p1 c3\"><span class=\"c2\">La situation est d&rsquo;autant plus inqui\u00e9tante selon l&rsquo;ONU que certaines zones ont \u00e9t\u00e9 priv\u00e9es de toute aide humanitaire pendant plus de six mois, de nombreux secteurs du nord ayant \u00e9t\u00e9 isol\u00e9s de fait du reste de la province.<\/span><\/p>\n<p class=\"p1 c3\"><span class=\"c2\">\u00ab\u00a0Il est primordial que les autorit\u00e9s \u00e9tatiques assurent la protection des civils \u00e0 l&rsquo;int\u00e9rieur et \u00e0 l&rsquo;ext\u00e9rieur des zones touch\u00e9es par le conflit et que les agences humanitaires se voient garantir un acc\u00e8s s\u00e9curis\u00e9 et sans entrave afin de pouvoir fournir assistance et protection vitales\u00a0\u00bb, a indiqu\u00e9 Mme Bachelet.<\/span><\/p>\n<p class=\"p1 c3\"><span class=\"c2\">\u00ab\u00a0Cela est particuli\u00e8rement crucial compte tenu du risque de chol\u00e9ra et de la propagation de la pand\u00e9mie de Covid-19\u00a0\u00bb, Cabo Delgado \u00e9tant l&rsquo;une des r\u00e9gions les plus touch\u00e9es par l&rsquo;\u00e9pid\u00e9mie dans le pays, a-t-elle ajout\u00e9.<\/span><\/p>\n<p class=\"p1 c3\"><span class=\"c2\">En raison des difficult\u00e9s d&rsquo;acc\u00e8s aux zones touch\u00e9es, l&rsquo;ONU indique qu&rsquo;il est extr\u00eamement difficile de v\u00e9rifier les informations faisant \u00e9tat des atrocit\u00e9s, dont des d\u00e9capitations d&rsquo;enfants, qui auraient \u00e9t\u00e9 commises au cours des deux derni\u00e8res semaines.<\/span><\/p>\n<p class=\"p1 c3\"><span class=\"c2\">L&rsquo;ONU appelle \u00e9galement les autorit\u00e9s mozambicaines \u00e0 faire la lumi\u00e8re sur les accusations de violations des droits humains visant leurs forces de s\u00e9curit\u00e9 mozambicaines ces derni\u00e8res ann\u00e9es, dont des ex\u00e9cutions extrajudiciaires et des mauvais traitements.<\/span><\/p>\n<p>Auteur: letemps1<br \/>\n<a href=\"http:\/\/www.letemps.com.tn\/article\/118097\/lonu-parle-de-situation-d%C3%A9sesp%C3%A9r%C3%A9e\">Cliquez ici pour lire l&rsquo;article depuis sa source.<\/a><\/p>\n","protected":false},"excerpt":{"rendered":"<p>La violence terroriste ne faiblit pas au Mozambique. L&rsquo;ONU a demand\u00e9, hier, des mesures urgentes pour prot\u00e9ger les civils dans la province de Cabo Delgado, dans le nord-est du pays, en proie \u00e0 une r\u00e9bellion islamiste, jugeant la situation de la population \u00ab\u00a0d\u00e9sesp\u00e9r\u00e9e\u00a0\u00bb. \u00ab\u00a0La situation est d\u00e9sesp\u00e9r\u00e9e \u00e0 la fois pour ceux qui sont pi\u00e9g\u00e9s [&hellip;]<\/p>\n","protected":false},"author":1773,"featured_media":0,"comment_status":"closed","ping_status":"closed","sticky":false,"template":"","format":"standard","meta":{"fifu_image_url":"","fifu_image_alt":"","footnotes":""},"categories":[73,55],"tags":[],"class_list":["post-104674","post","type-post","status-publish","format-standard","hentry","category-actualite","category-tunisie"],"_links":{"self":[{"href":"https:\/\/linitiative.ca\/International\/wp-json\/wp\/v2\/posts\/104674","targetHints":{"allow":["GET"]}}],"collection":[{"href":"https:\/\/linitiative.ca\/International\/wp-json\/wp\/v2\/posts"}],"about":[{"href":"https:\/\/linitiative.ca\/International\/wp-json\/wp\/v2\/types\/post"}],"author":[{"embeddable":true,"href":"https:\/\/linitiative.ca\/International\/wp-json\/wp\/v2\/users\/1773"}],"replies":[{"embeddable":true,"href":"https:\/\/linitiative.ca\/International\/wp-json\/wp\/v2\/comments?post=104674"}],"version-history":[{"count":0,"href":"https:\/\/linitiative.ca\/International\/wp-json\/wp\/v2\/posts\/104674\/revisions"}],"wp:attachment":[{"href":"https:\/\/linitiative.ca\/International\/wp-json\/wp\/v2\/media?parent=104674"}],"wp:term":[{"taxonomy":"category","embeddable":true,"href":"https:\/\/linitiative.ca\/International\/wp-json\/wp\/v2\/categories?post=104674"},{"taxonomy":"post_tag","embeddable":true,"href":"https:\/\/linitiative.ca\/International\/wp-json\/wp\/v2\/tags?post=104674"}],"curies":[{"name":"wp","href":"https:\/\/api.w.org\/{rel}","templated":true}]}}