{"id":104695,"date":"2020-11-14T10:28:00","date_gmt":"2020-11-14T15:28:00","guid":{"rendered":"https:\/\/linitiative.ca\/International\/elle-risque-la-mort-a-mostaganem-la-famille-dun-moudjahid-interpelle-le-wali\/"},"modified":"2020-11-14T10:28:00","modified_gmt":"2020-11-14T15:28:00","slug":"elle-risque-la-mort-a-mostaganem-la-famille-dun-moudjahid-interpelle-le-wali","status":"publish","type":"post","link":"https:\/\/linitiative.ca\/International\/elle-risque-la-mort-a-mostaganem-la-famille-dun-moudjahid-interpelle-le-wali\/","title":{"rendered":"ELLE RISQUE  LA MORT A MOSTAGANEM : La famille d\u2019un Moudjahid interpelle le wali"},"content":{"rendered":"<p><br id=\"sep_para_1\" class=\"sep_para access\"\/><\/p>\n<div id=\"para_1\" class=\"para_39486540 resize\">\n<div class=\"photo shadow left\"><a href=\"javascript:void(0)\" rel=\"https:\/\/www.reflexiondz.net\/photo\/art\/grande\/51455680-39486540.jpg?v=1605370321&amp;ibox\" title=\"ELLE RISQUE LA MORT A MOSTAGANEM : La famille d\u2019un Moudjahid interpelle le wali\"><img decoding=\"async\" class=\"responsive c9\" src=\"https:\/\/www.reflexiondz.net\/photo\/art\/grande\/51455680-39486540.jpg?v=1605370321\" alt=\"ELLE RISQUE LA MORT A MOSTAGANEM : La famille d\u2019un Moudjahid interpelle le wali\" title=\"ELLE RISQUE LA MORT A MOSTAGANEM : La famille d\u2019un Moudjahid interpelle le wali\"\/><img decoding=\"async\" class=\"not-responsive\" src=\"https:\/\/www.reflexiondz.net\/photo\/art\/default\/51455680-39486540.jpg?v=1605370326\" alt=\"ELLE RISQUE LA MORT A MOSTAGANEM : La famille d\u2019un Moudjahid interpelle le wali\" title=\"ELLE RISQUE LA MORT A MOSTAGANEM : La famille d\u2019un Moudjahid interpelle le wali\"\/><\/a><\/div>\n<div class=\"texte access firstletter\">La famille Bencheikh, r\u00e9sidant au 05 rue Hattab Taher appelle au secours M. le wali pour qu\u2019il intervienne, afin que les autorit\u00e9s concern\u00e9es constatent\u00a0 de visu l\u2019\u00e9tat d\u00e9sastreux de l\u2019appartement, o\u00f9 elle vit avec sa\u00a0 famille compos\u00e9e de 09 personnes. Cette derni\u00e8re d\u00e9clare qu\u2019elle a frapp\u00e9 \u00e0 toutes les portes\u00a0 des autorit\u00e9s concern\u00e9es, mais en vain, rien,\u00a0 aucune r\u00e9ponse. L\u2019immeuble o\u00f9 elle r\u00e9side,\u00a0 compos\u00e9 de trois \u00e9tages\u00a0 datant de l\u2019\u00e8re coloniale a fait l\u2019objet\u00a0 d\u2019effondrements partiels \u00e0 plusieurs reprises. A l\u2019int\u00e9rieur du b\u00e2timent, les murs sont l\u00e9zard\u00e9s et\u00a0 des plafonds\u00a0 risquent de tomber \u00e0 tout\u00a0 moment, alors que les escaliers sont presque effrit\u00e9s, sans parler des infiltrations des eaux de pluies durant les saisons hivernales. \u00abOn a peur pour nos enfants, toute la structure risque de s\u2019effondrer \u00e0 n\u2019importe quel moment \u00bb d\u00e9clare Mme Amina Bencheikh, ajoutant que\u00a0 \u00ab certains occupants ont pris l\u2019initiative de restaurer leurs appartements mais les fissures ont r\u00e9apparu, h\u00e9las \u00bb. En attendant que les responsables r\u00e9agissent pour les reloger, la famille Bencheikh\u00a0 retient chaque jour son souffle. Elle lance un appel aux services comp\u00e9tents d\u2019intervenir en urgence pour les aider \u00e0 trouver un logement d\u00e9cent. A Mostaganem, le vieux b\u00e2ti particuli\u00e8rement dans les vieux quartiers, conna\u00eet une situation alarmante, par le fait de la v\u00e9tust\u00e9 tr\u00e8s avanc\u00e9e des infrastructures, et le risque des effondrements des b\u00e2timents anciens\u00a0 ne fait qu\u2019augmenter,\u00a0 un danger pour\u00a0 la s\u00e9curit\u00e9 des biens et des personnes.\u00a0 Mme Bencheikh craintive dit \u201cNous vivons seulement par la gr\u00e2ce de Dieu, sinon\u00a0 il y a longtemps que le toit de la maison nous serait tomb\u00e9 sur la t\u00eate.\u201d \u201cNous avons peur\u2019\u2019, la b\u00e2tisse peut s\u2019effondrer \u00e0 tout moment et nous attendons toujours que les autorit\u00e9s locales concr\u00e9tisent leur engagement de nous prendre en charge et nous reloger ailleurs\u201d, nous a confi\u00e9 Mme Bencheikh Amina, affirmant que son habitation, l\u00e9zard\u00e9e en divers endroits, \u00e9tait vou\u00e9e \u00e0 \u00eatre ras\u00e9e. \u201cD\u00e8s que le ciel s\u2019assombrit, nous nous pr\u00e9parons au pire\u201d, rench\u00e9rit cette femme qui exprime le sentiment de l\u2019ensemble des occupants du vieux b\u00e2ti. \u201cDifficile de faire face aux frais d\u2019entretien quand vous n\u2019avez d\u2019autres ressources que votre salaire ou, pis encore, lorsque vous \u00eates au ch\u00f4mage explique notre interlocutrice. R\u00e9it\u00e9rant son appel, elle dit que leur b\u00e2tisse\u00a0 o\u00f9 le danger est omnipr\u00e9sent peut s\u2019effondrer \u00e0 tout moment, quelques pluies et vents suffiraient \u00e0 provoquer l\u2019irr\u00e9parable et la vie des locataires dont des femmes, des personnes \u00e2g\u00e9es et des enfants sont en danger..<\/div>\n<\/div>\n<p>Auteur: A. Lachlak<br \/>\n<a href=\"https:\/\/www.reflexiondz.net\/ELLE-RISQUE-LA-MORT-A-MOSTAGANEM-La-famille-d-un-Moudjahid-interpelle-le-wali_a66279.html\">Cliquez ici pour lire l&rsquo;article depuis sa source.<\/a><\/p>\n","protected":false},"excerpt":{"rendered":"<p>La famille Bencheikh, r\u00e9sidant au 05 rue Hattab Taher appelle au secours M. le wali pour qu\u2019il intervienne, afin que les autorit\u00e9s concern\u00e9es constatent\u00a0 de visu l\u2019\u00e9tat d\u00e9sastreux de l\u2019appartement, o\u00f9 elle vit avec sa\u00a0 famille compos\u00e9e de 09 personnes. Cette derni\u00e8re d\u00e9clare qu\u2019elle a frapp\u00e9 \u00e0 toutes les portes\u00a0 des autorit\u00e9s concern\u00e9es, mais en [&hellip;]<\/p>\n","protected":false},"author":1740,"featured_media":0,"comment_status":"closed","ping_status":"closed","sticky":false,"template":"","format":"standard","meta":{"fifu_image_url":"","fifu_image_alt":"","footnotes":""},"categories":[53,76],"tags":[],"class_list":["post-104695","post","type-post","status-publish","format-standard","hentry","category-algerie","category-regions"],"_links":{"self":[{"href":"https:\/\/linitiative.ca\/International\/wp-json\/wp\/v2\/posts\/104695","targetHints":{"allow":["GET"]}}],"collection":[{"href":"https:\/\/linitiative.ca\/International\/wp-json\/wp\/v2\/posts"}],"about":[{"href":"https:\/\/linitiative.ca\/International\/wp-json\/wp\/v2\/types\/post"}],"author":[{"embeddable":true,"href":"https:\/\/linitiative.ca\/International\/wp-json\/wp\/v2\/users\/1740"}],"replies":[{"embeddable":true,"href":"https:\/\/linitiative.ca\/International\/wp-json\/wp\/v2\/comments?post=104695"}],"version-history":[{"count":0,"href":"https:\/\/linitiative.ca\/International\/wp-json\/wp\/v2\/posts\/104695\/revisions"}],"wp:attachment":[{"href":"https:\/\/linitiative.ca\/International\/wp-json\/wp\/v2\/media?parent=104695"}],"wp:term":[{"taxonomy":"category","embeddable":true,"href":"https:\/\/linitiative.ca\/International\/wp-json\/wp\/v2\/categories?post=104695"},{"taxonomy":"post_tag","embeddable":true,"href":"https:\/\/linitiative.ca\/International\/wp-json\/wp\/v2\/tags?post=104695"}],"curies":[{"name":"wp","href":"https:\/\/api.w.org\/{rel}","templated":true}]}}