{"id":104698,"date":"2020-11-14T03:00:00","date_gmt":"2020-11-14T08:00:00","guid":{"rendered":"https:\/\/linitiative.ca\/International\/mahmoud-fekih-lenfant-de-mazdour-prisonnier-de-guerre-chez-les-allemands-lieutenant-au-vietnam-et-officier-de-la-garde-nationale\/"},"modified":"2020-11-14T03:00:00","modified_gmt":"2020-11-14T08:00:00","slug":"mahmoud-fekih-lenfant-de-mazdour-prisonnier-de-guerre-chez-les-allemands-lieutenant-au-vietnam-et-officier-de-la-garde-nationale","status":"publish","type":"post","link":"https:\/\/linitiative.ca\/International\/mahmoud-fekih-lenfant-de-mazdour-prisonnier-de-guerre-chez-les-allemands-lieutenant-au-vietnam-et-officier-de-la-garde-nationale\/","title":{"rendered":"Mahmoud Fekih, l\u2019enfant de Mazdour: Prisonnier de guerre chez les Allemands, lieutenant au Vietnam et officier de la Garde nationale"},"content":{"rendered":"<p><strong><img decoding=\"async\" src=\"\/uploads\/FCK_files\/Habib-Fekhi4.jpg\" alt=\"\" width=\"25%\" vspace=\"5\" hspace=\"5\" align=\"right\"\/>Sacr\u00e9e saga d\u2019un destin qui m\u00e8nera un jeune Tunisien, d\u00e8s la fin des ann\u00e9es 1930, guerroyer en France, revenir en Tunisie, pour repartir en Indochine, puis de retour au pays natal, contribuer \u00e0 la naissance de la Garde nationale. Histoire d\u2019un tirailleur tunisien, Mahmoud Fekih, parmi celles de plus de 80 000 autres de ses compatriotes qui avaient servi sous les drapeaux, pendant les guerres mondiales, puis ailleurs ? Nullement. R\u00e9cit d\u2019un roman, un roman vrai, et portrait de vie, celle d\u2019un Tunisien de caract\u00e8re, qui a su se frayer son chemin, sauver sa peau et mis toute son exp\u00e9rience au service de sa patrie, d\u00e8s son ind\u00e9pendance.<\/strong><\/p>\n<p>Arri\u00e8re-petit-fils d\u2019un janissaire et petit fils d\u2019un colonel qui s\u2019\u00e9tait distingu\u00e9 dans la guerre de Crim\u00e9e, Mahmoud Fekih, originaire de Mazdour (El Masdour, au c\u0153ur du Sahel, \u00e0 20 km de Sousse), ne fera que perp\u00e9tuer une vocation familiale. En y ajoutant, au-del\u00e0 du courage, beaucoup d\u2019intelligence et de chance. C\u2019est ce qui lui a toujours permis de s\u2019en sortir. Chaque s\u00e9quence de vie sera alors une \u00e9preuve habilement surmont\u00e9e. Embauch\u00e9 pour de petits boulots \u00e0 Bizerte, il s\u2019arrangera pour int\u00e9grer l\u2019arm\u00e9e fran\u00e7aise. Envoy\u00e9 en France et pris en captivit\u00e9 par les Allemands, il \u00e9chappera au pire&#8230; Lib\u00e9r\u00e9, il participera \u00e0 la formation et l\u2019entra\u00eenement de r\u00e9sistants fran\u00e7ais. D\u00e9ploy\u00e9 au Vietnam, il aidera la population autochtone, arbitrera les conflits, c\u00e9l\u00e8brera les mariages et se fera appr\u00e9cier&#8230;<\/p>\n<p class=\"c2\"><img decoding=\"async\" src=\"\/uploads\/FCK_files\/Habib-Fekhi-1.jpg\" alt=\"\" width=\"100%\" vspace=\"5\" hspace=\"5\" align=\"middle\"\/><\/p>\n<p>C\u2019est ce roman de vie que restitue avec verve et talent son fils Habib Fekih, dans un livre qu\u2019il vient de publier sous le titre de \u00abL\u2019Olivier dans la neige\u00bb (Apollonia Editions). L\u2019olivier, celui de Mazdour, la neige, celle des for\u00eats de France. S\u2019appuyant sur un t\u00e9moignage direct recueilli aupr\u00e8s de son p\u00e8re et de membres de la famille, et des documents fouill\u00e9s puis\u00e9s dans les archives de l\u2019arm\u00e9e fran\u00e7aise, Habib Fekih nous livre un r\u00e9cit haletant. Les faits pr\u00e9cis et d\u00e9taill\u00e9s sont bien habill\u00e9s, sans fard, la biographie s\u2019\u00e9gr\u00e8ne dans la litt\u00e9rature de bonne facture, avec ses styles d\u2019intrigue, de relance, de descriptions, du dit et du non-dit. Ing\u00e9nieur de formation (Sup-Telecom Paris, avec sp\u00e9cialisation en \u00e9lectronique a\u00e9rospatiale \u00e0 Sup-Ap\u00e9ro Toulouse(E.N.S.A.E), ce sadikien, math\u00e9maticien, r\u00e9v\u00e8le une belle plume. Ancien directeur \u00e0 Tunisair (1977-1986), il effectuera une brillante carri\u00e8re internationale au sein d\u2019Airbus (1986-2017). Il sera notamment vice-pr\u00e9sident des ventes pour le Moyen-Orient, puis promu pr\u00e9sident de la filiale Afrique Moyen-Orient pour tout le groupe (bas\u00e9 \u00e0 Duba\u00ef), et occupant d\u2019autres hautes fonctions.<\/p>\n<p><span class=\"c4\"><span class=\"c3\"><strong>Bonnes feuilles<\/strong><\/span><\/span><\/p>\n<p><span class=\"c6\"><span class=\"c5\"><strong>\u00abPatriotisme de Tunisien, fiert\u00e9 d\u2019homme libre et loyaut\u00e9 envers la France\u00bb<\/strong><\/span><\/span><\/p>\n<p>\u00abBien au-del\u00e0 d\u2019une simple chronique familiale, le r\u00e9cit de la vie et de la carri\u00e8re militaire de Mahmoud Fekih, fruit d\u2019une longue enqu\u00eate de son fils Habib, est un t\u00e9moignage passionnant sur l\u2019aventure de ces combattants des troupes indig\u00e8nes qui se sont couverts de gloire pour la France, mais ont tous aussi v\u00e9cu le processus d\u2019\u00e9mancipation de leur pays, douloureux pour les uns, moins dramatique pour d\u2019autres.\u00bb C\u2019est ce qu\u2019\u00e9crit en pr\u00e9face le colonel \u00e0 la retraite Pierre Bayle, ancien directeur de la communication au minist\u00e8re de la D\u00e9fense et ancien directeur de la communication du Groupe Airbus<\/p>\n<p>N\u00e9 le jour de la d\u00e9claration de guerre d\u2019ao\u00fbt 1914, poursuit-il, le jeune Mahmoud est berc\u00e9 des r\u00e9cits des combats de son grand-p\u00e8re Ahmed, descendant d\u2019une lign\u00e9e de militaires dont un janissaire, colonel dans l\u2019Arm\u00e9e tunisienne, alors Arm\u00e9e beylicale de l\u2019Empire ottoman, qui a combattu en Crim\u00e9e aux c\u00f4t\u00e9s des soldats fran\u00e7ais. Un premier lien tr\u00e8s fort, illustr\u00e9 par l\u2019image saisissante du lieutenant de spahis qui d\u00e9pose sur sa tombe l\u2019\u00e9p\u00e9e du colonel Fekih le jour de ses obs\u00e8ques. Lien d\u2019autant plus fort que Mahmoud s\u2019appelait d\u2019abord Ahmed comme son grand-p\u00e8re, avant que le d\u00e9c\u00e8s de son plus jeune fr\u00e8re Mahmoud n\u2019incite son p\u00e8re \u00e0 lui donner ce pr\u00e9nom \u2013 ainsi que l\u2019\u00e9tat civil de ce fr\u00e8re disparu, ce qui lui fera perdre trois ans d\u2019\u00e2ge.<\/p>\n<p class=\"c2\"><img decoding=\"async\" src=\"\/uploads\/FCK_files\/Habib-Fekhi-2.jpg\" alt=\"\" width=\"100%\" vspace=\"5\" hspace=\"5\" align=\"middle\"\/><\/p>\n<p>Mahmoud est berc\u00e9 aussi des r\u00e9cits de combats h\u00e9ro\u00efques du 4e R\u00e9giment de tirailleurs tunisiens pendant la Premi\u00e8re Guerre mondiale. C\u2019est ce 4e RTT que rejoindra son fr\u00e8re a\u00een\u00e9 Mohamed avant qu\u2019il ne le rejoigne lui-m\u00eame, au terme d\u2019un parcours scolaire accident\u00e9 au cours duquel il d\u00e9couvre le poids de l\u2019injustice et des petits notables. Mais dans cette famille Fekih o\u00f9 les liens avec la France sont \u00e9troits, son p\u00e8re Amor, officier des terres domaniales, \u00e9tant tr\u00e8s proche de l\u2019officier fran\u00e7ais de sa zone, le d\u00e9bat d\u2019id\u00e9es est \u00e9galement tr\u00e8s riche et, tr\u00e8s t\u00f4t, Mahmoud entendra parler des nationalistes et du jeune leader Habib Bourguiba, un de ses cousins \u00e9tant un des militants actifs du N\u00e9o-Destour.<\/p>\n<p><span class=\"c6\"><span class=\"c5\"><strong>\u00abChair \u00e0 canon\u00bb<\/strong><\/span><\/span><\/p>\n<p>Apr\u00e8s ses m\u00e9saventures scolaires, une brouille avec son p\u00e8re li\u00e9e au remariage de celui-ci le pousse \u00e0 gagner \u00e0 son tour le 4e RTT o\u00f9 il fera une grande partie de sa carri\u00e8re, plus loyal envers la France qu\u2019elle ne le sera avec lui. Patriotisme de Tunisien, fiert\u00e9 d\u2019homme libre et loyaut\u00e9 envers la France seront ainsi les trois vertus qui l\u2019accompagneront dans les \u00e9preuves. Apr\u00e8s les premiers combats de mai 1940 o\u00f9 il accuse les cadres fran\u00e7ais d\u2019utiliser les troupes indig\u00e8nes comme \u00ab chair \u00e0 canon \u00bb, il \u00e9chappe de peu \u00e0 la cour martiale en raison de l\u2019\u00e2pret\u00e9 de combats qui voient dispara\u00eetre la moiti\u00e9 de ses camarades de r\u00e9giment. Cet affrontement s\u00e9rieux n\u2019atteindra pas sa loyaut\u00e9.<\/p>\n<p class=\"c2\"><img decoding=\"async\" src=\"\/uploads\/FCK_files\/Habib-Fekhi-3.jpg\" alt=\"\" width=\"100%\" vspace=\"5\" hspace=\"5\" align=\"left\"\/><\/p>\n<p>Captur\u00e9 par les Allemands, intern\u00e9 dans un camp de prisonniers, il comprend tr\u00e8s vite le jeu pervers de s\u00e9duction que d\u00e9ploient les Allemands envers les troupes indig\u00e8nes. D\u00e8s leur arriv\u00e9e aux camps, il a vu le tri parmi ses camarades et la disparition soudaine de ceux identifi\u00e9s comme juifs \u2013 il a compris qu\u2019il ne pouvait rien attendre des Allemands. Mais surtout, r\u00e9v\u00e9lation importante, il re\u00e7oit comme sans doute nombre de ses camarades le message que fait passer Bourguiba aux combattants tunisiens : \u00abne jamais soutenir les Allemands, mais aider la France \u00e0 gagner la guerre\u00bb.<\/p>\n<p>Ayant rejet\u00e9 une \u00e9tonnante proposition de rejoindre les SS \u00abcomme d\u2019autres musulmans \u00bb, lui explique-t-on, il se retrouve brusquement dans un camp de travail. Et l\u00e0, ce sont des r\u00e9sistants fran\u00e7ais qui tentent de le pi\u00e9ger pour couvrir un vol d\u2019outils : encore une fois, le m\u00eame questionnement sur ce qu\u2019il fait pour la France et ce que les Fran\u00e7ais font pour lui, qui \u00e0 leur fa\u00e7on le traitent encore une fois de chair \u00e0 canon. Ayant eu la complicit\u00e9 d\u2019un m\u00e9decin pour \u00eatre d\u00e9clar\u00e9 atteint du typhus, il est lib\u00e9r\u00e9 comme inapte au travail en septembre 1943 et se retrouve livr\u00e9 \u00e0 lui-m\u00eame. Avec plusieurs de ses camarades d\u2019Afrique du Nord, ils sont contact\u00e9s par les FTP et acceptent en tant que sous-officiers exp\u00e9riment\u00e9s de former les jeunes volontaires de la r\u00e9sistance.<\/p>\n<p><img decoding=\"async\" src=\"\/uploads\/FCK_files\/Habib-Fekhi-4.jpg\" alt=\"\" width=\"100%\" vspace=\"5\" hspace=\"5\" align=\"middle\"\/><\/p>\n<p>\u00c0 l\u2019\u00e9t\u00e9 1944, les Am\u00e9ricains qui viennent de lib\u00e9rer Rennes les int\u00e8grent dans un r\u00e9giment de la 8e Division d\u2019infanterie. Nouvelle exp\u00e9rience, nouveau questionnement pour ce sous-officier qui philosophe et prend toujours du recul sur l\u2019\u00e9v\u00e9nement. L\u00e0, il se d\u00e9clare tr\u00e8s impressionn\u00e9 par le courage et l\u2019esprit de sacrifice de ces Am\u00e9ricains \u00ab venus de si loin pour aider un autre peuple\u2026 \u00bb. Fin octobre 1944 il rejoint la 1\u00e8re arm\u00e9e et retrouve le 4e RTT puis, apr\u00e8s une hospitalisation pour un traumatisme auditif, on l\u2019affecte \u00e0 un camp de prisonniers allemands, une revanche pour lui, mais aussi une exp\u00e9rience traumatisante, car il assiste au suicide d\u2019un officier nazi qu\u2019il vient d\u2019interroger et qui refuse la d\u00e9faite.<\/p>\n<p><span class=\"c6\"><span class=\"c5\"><strong>En route vers l\u2019Indochine<\/strong><\/span><\/span><\/p>\n<p>Ramen\u00e9 en Tunisie, il se retrouve d\u00e9but 1947 dans le bataillon de marche du 4e RTT nouvellement form\u00e9 pour partir en Indochine. De mai 1947 \u00e0 octobre 1949, le sergent-chef Fekih se retrouve dans la r\u00e9gion de Phan Thiet en Annam o\u00f9 il \u00e9labore et met en pratique ses propres id\u00e9es sur la pacification que s\u2019est assign\u00e9e l\u2019Arm\u00e9e fran\u00e7aise. Sans se d\u00e9partir de sa loyaut\u00e9 envers la France, alors que les maquis communistes tentent \u2013 comme les SS allemands \u2013 une op\u00e9ration de s\u00e9duction des troupes indig\u00e8nes au nom de la d\u00e9colonisation, Mahmoud explique \u00e0 ses interlocuteurs vietnamiens qu\u2019il n\u2019est pas venu \u00ab casser du Viet \u00bb, mais r\u00e9tablir la paix. Cela consiste \u00e0 prot\u00e9ger les villages contre les incursions de guerriers Mo\u00ef, \u00e0 creuser des puits, \u00e0 organiser des \u00e9coles. Sa politique d\u2019ouverture vers la population locale est appr\u00e9ci\u00e9e des cadres Viet-Minh, mais cela n\u2019emp\u00eachera pas Mahmoud d\u2019engager des combats violents contre les incursions et les attaques du Viet-Minh contre son fortin.<\/p>\n<p class=\"c2\"><img decoding=\"async\" src=\"\/uploads\/FCK_files\/Habib-Fekhi-6.jpg\" alt=\"\" width=\"100%\" vspace=\"5\" hspace=\"5\" align=\"left\"\/><\/p>\n<p>Malgr\u00e9 les suspicions de certains \u00e0 la s\u00e9curit\u00e9 militaire, malgr\u00e9 des tiraillements s\u00e9rieux avec un r\u00e9giment de L\u00e9gion temporairement affect\u00e9 dans sa zone et dont les actions violentes lui rappellent la Wehrmacht (\u00ab ils \u00e9taient tous Allemands \u00bb, racontera-t-il), son commandement est appr\u00e9ci\u00e9 par l\u2019\u00e9tat-major fran\u00e7ais qui lui attribue la m\u00e9daille coloniale. Mais son questionnement sur la nature de la pacification demeure, et lorsqu\u2019\u00e0 l\u2019\u00e9t\u00e9 1949 son unit\u00e9 est relev\u00e9e, c\u2019est pratiquement avant le tournant o\u00f9 le conflit indochinois va dramatiquement se durcir en s\u2019internationalisant avec un soutien chinois au Viet-Minh d\u2019un c\u00f4t\u00e9, un soutien am\u00e9ricain aux Fran\u00e7ais de l\u2019autre, et la fin des illusions sur la pacification avec les offensives permanentes de la gu\u00e9rilla.<\/p>\n<p><span class=\"c6\"><span class=\"c5\"><strong>\u00ab Mais toi tu portais le tarbouche ! \u00bb<\/strong><\/span><\/span><\/p>\n<p>\u00c0 son retour en Tunisie, nouvelle d\u00e9ception pour Mahmoud : malgr\u00e9 les promesses, sa promotion au grade sup\u00e9rieur est li\u00e9e \u00e0 un engagement de retourner en Indochine, ce qu\u2019il ressent comme une nouvelle injustice. Ayant demand\u00e9 en 1951 \u00e0 quitter l\u2019Arm\u00e9e fran\u00e7aise, qu\u2019il n\u2019a jamais trahie en 15 ans de service, bonifi\u00e9s en 24 ann\u00e9es d\u2019anciennet\u00e9 avec la prison et les ann\u00e9es de guerre, Mahmoud se tourne vers la Gendarmerie, qu\u2019il int\u00e8gre en 1952 et qui lui permet de rester pr\u00e8s de sa famille. Mais c\u2019est encore une nouvelle aventure, et le d\u00e9but de la r\u00e9volution tunisienne en janvier 1952 va le voir \u00e9cartel\u00e9 entre sa loyaut\u00e9 fran\u00e7aise et son patriotisme tunisien. Par chance pour lui, ce processus de d\u00e9colonisation va \u00eatre g\u00e9r\u00e9 par la France de fa\u00e7on intelligente et, apr\u00e8s une br\u00e8ve p\u00e9riode o\u00f9 il joue double jeu pour aider les nationalistes malgr\u00e9 son k\u00e9pi de gendarme, l\u2019acc\u00e8s de la Tunisie \u00e0 l\u2019ind\u00e9pendance lui permet de r\u00e9concilier ses loyaut\u00e9s et de se mobiliser pour aider \u00e0 la cr\u00e9ation de la Garde nationale tunisienne qu\u2019il servira jusqu\u2019en 1973.<\/p>\n<p><img decoding=\"async\" src=\"\/uploads\/FCK_files\/Habib-Fekhi-6(1).jpg\" alt=\"\" width=\"100%\" vspace=\"5\" hspace=\"5\" align=\"left\"\/><\/p>\n<p>Le rencontrant en 1958, alors que Mahmoud lui retrace sa carri\u00e8re dans l\u2019Arm\u00e9e fran\u00e7aise, Habib Bourguiba le comprend parfaitement en s\u2019\u00e9criant : \u00ab mais toi tu portais le tarbouche (le fez), pas le k\u00e9pi!\u00bb. Et c\u2019est exactement ce que fut la fid\u00e9lit\u00e9 de celui qui fut non pas \u00abun tirailleur tunisien\u00bb, mais \u00abun tirailleur\u00bb et \u00abun Tunisien\u00bb, avec une loyaut\u00e9 jamais prise en d\u00e9faut. Le destin de cette famille est peut-\u00eatre original, avec cet arri\u00e8re-grand-p\u00e8re janissaire et cette ouverture d\u2019esprit hors du commun. Mais il t\u00e9moigne de ce qu\u2019on peut \u00eatre loyal \u00e0 la France et \u00e0 son pays, ce qui fut le cas des troupes indig\u00e8nes au m\u00e9rite insuffisamment reconnu.<\/p>\n<p><span class=\"c6\"><span class=\"c5\"><strong>Une loyaut\u00e9 multiple<\/strong><\/span><\/span><\/p>\n<p class=\"c2\"><img decoding=\"async\" src=\"\/uploads\/FCK_files\/Habib-Fekhi-7.jpg\" alt=\"\" width=\"100%\" vspace=\"5\" hspace=\"5\" align=\"left\"\/><\/p>\n<p>Son fils Habib Fekih, qui a eu le m\u00e9rite de surmonter la modestie de son p\u00e8re pour retrouver tous ces souvenirs, porte lui-m\u00eame le t\u00e9moignage de cette loyaut\u00e9 multiple : d\u00e9vou\u00e9 comme personne pour la r\u00e9ussite d\u2019un grand groupe a\u00e9ronautique europ\u00e9en, il n\u2019a jamais perdu de vue la n\u00e9cessit\u00e9 de promouvoir le r\u00f4le de son pays non seulement sur le plan industriel et \u00e9conomique, mais dans toutes ses dimensions politiques et culturelles. Cette histoire d\u2019un combattant qui a m\u00eal\u00e9 sa petite histoire \u00e0 la grande Histoire est un magnifique t\u00e9moignage, qu\u2019il est passionnant de d\u00e9couvrir avec lui.\u00bb.<\/p>\n<p>Auteur:<br \/>\n<a href=\"https:\/\/www.leaders.com.tn\/article\/30930-mahmoud-fekih-l-enfant-de-mazdour-prisonnier-de-guerre-chez-les-allemands-lieutenant-au-vietnam-et-officier-de-la-garde-nationale\">Cliquez ici pour lire l&rsquo;article depuis sa source.<\/a><\/p>\n","protected":false},"excerpt":{"rendered":"<p>Sacr\u00e9e saga d\u2019un destin qui m\u00e8nera un jeune Tunisien, d\u00e8s la fin des ann\u00e9es 1930, guerroyer en France, revenir en Tunisie, pour repartir en Indochine, puis de retour au pays natal, contribuer \u00e0 la naissance de la Garde nationale. Histoire d\u2019un tirailleur tunisien, Mahmoud Fekih, parmi celles de plus de 80 000 autres de ses [&hellip;]<\/p>\n","protected":false},"author":1772,"featured_media":104699,"comment_status":"closed","ping_status":"closed","sticky":false,"template":"","format":"standard","meta":{"fifu_image_url":"","fifu_image_alt":"","footnotes":""},"categories":[73,55],"tags":[],"class_list":["post-104698","post","type-post","status-publish","format-standard","has-post-thumbnail","hentry","category-actualite","category-tunisie"],"_links":{"self":[{"href":"https:\/\/linitiative.ca\/International\/wp-json\/wp\/v2\/posts\/104698","targetHints":{"allow":["GET"]}}],"collection":[{"href":"https:\/\/linitiative.ca\/International\/wp-json\/wp\/v2\/posts"}],"about":[{"href":"https:\/\/linitiative.ca\/International\/wp-json\/wp\/v2\/types\/post"}],"author":[{"embeddable":true,"href":"https:\/\/linitiative.ca\/International\/wp-json\/wp\/v2\/users\/1772"}],"replies":[{"embeddable":true,"href":"https:\/\/linitiative.ca\/International\/wp-json\/wp\/v2\/comments?post=104698"}],"version-history":[{"count":0,"href":"https:\/\/linitiative.ca\/International\/wp-json\/wp\/v2\/posts\/104698\/revisions"}],"wp:featuredmedia":[{"embeddable":true,"href":"https:\/\/linitiative.ca\/International\/wp-json\/"}],"wp:attachment":[{"href":"https:\/\/linitiative.ca\/International\/wp-json\/wp\/v2\/media?parent=104698"}],"wp:term":[{"taxonomy":"category","embeddable":true,"href":"https:\/\/linitiative.ca\/International\/wp-json\/wp\/v2\/categories?post=104698"},{"taxonomy":"post_tag","embeddable":true,"href":"https:\/\/linitiative.ca\/International\/wp-json\/wp\/v2\/tags?post=104698"}],"curies":[{"name":"wp","href":"https:\/\/api.w.org\/{rel}","templated":true}]}}