{"id":104709,"date":"2020-11-14T12:02:37","date_gmt":"2020-11-14T17:02:37","guid":{"rendered":"https:\/\/linitiative.ca\/International\/el-guerguerate-larabie-saoudite-exprime-son-soutien-a-la-decision-du-maroc\/"},"modified":"2020-11-14T12:02:37","modified_gmt":"2020-11-14T17:02:37","slug":"el-guerguerate-larabie-saoudite-exprime-son-soutien-a-la-decision-du-maroc","status":"publish","type":"post","link":"https:\/\/linitiative.ca\/International\/el-guerguerate-larabie-saoudite-exprime-son-soutien-a-la-decision-du-maroc\/","title":{"rendered":"El Guerguerate : l\u2019Arabie Saoudite exprime son soutien \u00e0 la d\u00e9cision du Maroc"},"content":{"rendered":"<p><strong>Apr\u00e8s les \u00c9mirats<\/strong> <strong>arabes unis, le Qatar et le Bahre\u00efn, c\u2019est autour du Royaume d\u2019Arabie Saoudite d\u2019apporter son soutien aux mesures prises par le Royaume du Maroc pour r\u00e9tablir la libert\u00e9 de circulation civile et commerciale dans la zone tampon de Guergarate au Sahara marocain.<\/strong><\/p>\n<div class=\"c10\"\/>\n<p>Le minist\u00e8re saoudien des Affaires \u00e9trang\u00e8res a exprim\u00e9 sa \u00ab\u00a0condamnation de toute pratique qui menace le trafic dans ce passage vital entre le Royaume du Maroc et la R\u00e9publique islamique de Mauritanie\u00a0\u00bb.<\/p>\n<p><strong>Lire aussi|<\/strong><a href=\"https:\/\/www.challenge.ma\/le-passage-del-guerguerat-completement-securise-far-165171\/\"><strong>Le passage d\u2019El Guerguerat compl\u00e8tement s\u00e9curis\u00e9 [FAR]<\/strong><\/a><\/p>\n<p>Le minist\u00e8re saoudien a appel\u00e9 \u00e0 \u00ab\u00a0la retenue et la non-escalade conform\u00e9ment aux r\u00e9solutions de la l\u00e9gitimit\u00e9 internationale y aff\u00e9rente\u00a0\u00bb.<\/p>\n<p><strong>Lire aussi|<\/strong><a href=\"https:\/\/www.challenge.ma\/wang-yi-conseiller-detat-et-ministre-chinois-des-affaires-etrangeres-nous-devons-mener-une-cooperation-gagnant-gagnant-pour-construire-une-communaute-de-developpement-chine-afrique-165145\/\"><strong>Wang Yi, Conseiller d\u2019\u00c9tat et Ministre chinois des Affaires \u00e9trang\u00e8res : \u00ab Nous voulons construire une communaut\u00e9 de d\u00e9veloppement Chine-Afrique \u00bb<\/strong><\/a><\/p>\n<p>Avec MAP<\/p>\n<p>Auteur: challenge<br \/>\n<a href=\"https:\/\/www.challenge.ma\/el-guerguerate-larabie-saoudite-exprime-son-soutien-a-la-decision-du-maroc-165210\/\">Cliquez ici pour lire l&rsquo;article depuis sa source.<\/a><\/p>\n","protected":false},"excerpt":{"rendered":"<p>Apr\u00e8s les \u00c9mirats arabes unis, le Qatar et le Bahre\u00efn, c\u2019est autour du Royaume d\u2019Arabie Saoudite d\u2019apporter son soutien aux mesures prises par le Royaume du Maroc pour r\u00e9tablir la libert\u00e9 de circulation civile et commerciale dans la zone tampon de Guergarate au Sahara marocain. Le minist\u00e8re saoudien des Affaires \u00e9trang\u00e8res a exprim\u00e9 sa \u00ab\u00a0condamnation [&hellip;]<\/p>\n","protected":false},"author":1787,"featured_media":0,"comment_status":"closed","ping_status":"closed","sticky":false,"template":"","format":"standard","meta":{"fifu_image_url":"","fifu_image_alt":"","footnotes":""},"categories":[78,54],"tags":[],"class_list":["post-104709","post","type-post","status-publish","format-standard","hentry","category-economie","category-maroc"],"_links":{"self":[{"href":"https:\/\/linitiative.ca\/International\/wp-json\/wp\/v2\/posts\/104709","targetHints":{"allow":["GET"]}}],"collection":[{"href":"https:\/\/linitiative.ca\/International\/wp-json\/wp\/v2\/posts"}],"about":[{"href":"https:\/\/linitiative.ca\/International\/wp-json\/wp\/v2\/types\/post"}],"author":[{"embeddable":true,"href":"https:\/\/linitiative.ca\/International\/wp-json\/wp\/v2\/users\/1787"}],"replies":[{"embeddable":true,"href":"https:\/\/linitiative.ca\/International\/wp-json\/wp\/v2\/comments?post=104709"}],"version-history":[{"count":0,"href":"https:\/\/linitiative.ca\/International\/wp-json\/wp\/v2\/posts\/104709\/revisions"}],"wp:attachment":[{"href":"https:\/\/linitiative.ca\/International\/wp-json\/wp\/v2\/media?parent=104709"}],"wp:term":[{"taxonomy":"category","embeddable":true,"href":"https:\/\/linitiative.ca\/International\/wp-json\/wp\/v2\/categories?post=104709"},{"taxonomy":"post_tag","embeddable":true,"href":"https:\/\/linitiative.ca\/International\/wp-json\/wp\/v2\/tags?post=104709"}],"curies":[{"name":"wp","href":"https:\/\/api.w.org\/{rel}","templated":true}]}}