{"id":104716,"date":"2020-11-14T08:28:09","date_gmt":"2020-11-14T13:28:09","guid":{"rendered":"https:\/\/linitiative.ca\/International\/cameroun-un-nouvel-eveque-designe-a-eseka-deux-ans-apres-la-mort-de-mgr-dieudonne-bogmis\/"},"modified":"2020-11-14T08:28:09","modified_gmt":"2020-11-14T13:28:09","slug":"cameroun-un-nouvel-eveque-designe-a-eseka-deux-ans-apres-la-mort-de-mgr-dieudonne-bogmis","status":"publish","type":"post","link":"https:\/\/linitiative.ca\/International\/cameroun-un-nouvel-eveque-designe-a-eseka-deux-ans-apres-la-mort-de-mgr-dieudonne-bogmis\/","title":{"rendered":"Cameroun: un nouvel \u00e9v\u00eaque d\u00e9sign\u00e9 \u00e0 Es\u00e9ka, deux ans apr\u00e8s la mort de Mgr Dieudonn\u00e9 Bogmis"},"content":{"rendered":"<div readability=\"32\">\n<p>Publi\u00e9 le 14.11.2020 \u00e0 14h28 par JournalduCameroun.com<\/p>\n<\/div>\n<div readability=\"51\">\n<h2>Le pape Fran\u00e7ois a d\u00e9sign\u00e9 samedi, 14 novembre, Mgr Fran\u00e7ois Achille Eyabi \u00e0 la charge<\/h2>\n<p><span class=\"c6\">Monseigneur<\/span> <strong>Fran\u00e7ois Achille Eyabi<\/strong> <span class=\"c6\">(59 ans) a \u00e9t\u00e9 d\u00e9sign\u00e9 ce samedi, par le pape Fran\u00e7ois, \u00e9v\u00eaque du dioc\u00e8se d\u2019<\/span><strong>Es\u00e9ka<\/strong> <span class=\"c6\">(d\u00e9partement du Nyong-et-Kell\u00e9, r\u00e9gion du Centre), a appris JournalduCameroun.com de source institutionnelle.<\/span><\/p>\n<p><span class=\"c6\">Le nouvel \u00e9v\u00eaque, n\u00e9 en 1961 \u00e0 Ngambe (d\u00e9partement de la Sanaga-Maritime, r\u00e9gion du Littoral) a suivi des cycles de th\u00e9ologie et de philosophie \u00e0 l\u2019universit\u00e9 Pontificale urbanienne de Rome (1982-1990). Il a \u00e9t\u00e9 ordonn\u00e9 pr\u00eatre en 1988 \u00e0 Ed\u00e9a (chef-lieu de la Sanaga Maritime, r\u00e9gion du Littoral).<\/span><\/p>\n<p><span class=\"c6\">La d\u00e9signation de Mgr Fran\u00e7ois Achille Eyabi survient un plus de deux ans apr\u00e8s le d\u00e9c\u00e8s dans ces circonstances impr\u00e9cises de <strong>Mgr Dieudonn\u00e9 Bogmis<\/strong>. L\u2019ancien \u00e9v\u00eaque avait \u00e9t\u00e9 retrouv\u00e9 mort seul dans sa chambre au matin du 25 ao\u00fbt 2018 par un de ses collaborateurs. Des analyses m\u00e9dicales conduites par l\u2019Eglise et la Justice avaient conduit \u00e0 un arr\u00eat cardiaque.<\/span><\/p>\n<\/div>\n<p>Auteur: JournalduCameroun.com<br \/>\n<a href=\"https:\/\/www.journalducameroun.com\/cameroun-nouvel-eveque-eseka-deux-ans-apres-mort-mgr-dieudonne-bogmis\/\">Cliquez ici pour lire l&rsquo;article depuis sa source.<\/a><\/p>\n","protected":false},"excerpt":{"rendered":"<p>Publi\u00e9 le 14.11.2020 \u00e0 14h28 par JournalduCameroun.com Le pape Fran\u00e7ois a d\u00e9sign\u00e9 samedi, 14 novembre, Mgr Fran\u00e7ois Achille Eyabi \u00e0 la charge Monseigneur Fran\u00e7ois Achille Eyabi (59 ans) a \u00e9t\u00e9 d\u00e9sign\u00e9 ce samedi, par le pape Fran\u00e7ois, \u00e9v\u00eaque du dioc\u00e8se d\u2019Es\u00e9ka (d\u00e9partement du Nyong-et-Kell\u00e9, r\u00e9gion du Centre), a appris JournalduCameroun.com de source institutionnelle. Le nouvel [&hellip;]<\/p>\n","protected":false},"author":1965,"featured_media":0,"comment_status":"closed","ping_status":"closed","sticky":false,"template":"","format":"standard","meta":{"fifu_image_url":"","fifu_image_alt":"","footnotes":""},"categories":[73,82],"tags":[],"class_list":["post-104716","post","type-post","status-publish","format-standard","hentry","category-actualite","category-cameroun"],"_links":{"self":[{"href":"https:\/\/linitiative.ca\/International\/wp-json\/wp\/v2\/posts\/104716","targetHints":{"allow":["GET"]}}],"collection":[{"href":"https:\/\/linitiative.ca\/International\/wp-json\/wp\/v2\/posts"}],"about":[{"href":"https:\/\/linitiative.ca\/International\/wp-json\/wp\/v2\/types\/post"}],"author":[{"embeddable":true,"href":"https:\/\/linitiative.ca\/International\/wp-json\/wp\/v2\/users\/1965"}],"replies":[{"embeddable":true,"href":"https:\/\/linitiative.ca\/International\/wp-json\/wp\/v2\/comments?post=104716"}],"version-history":[{"count":0,"href":"https:\/\/linitiative.ca\/International\/wp-json\/wp\/v2\/posts\/104716\/revisions"}],"wp:attachment":[{"href":"https:\/\/linitiative.ca\/International\/wp-json\/wp\/v2\/media?parent=104716"}],"wp:term":[{"taxonomy":"category","embeddable":true,"href":"https:\/\/linitiative.ca\/International\/wp-json\/wp\/v2\/categories?post=104716"},{"taxonomy":"post_tag","embeddable":true,"href":"https:\/\/linitiative.ca\/International\/wp-json\/wp\/v2\/tags?post=104716"}],"curies":[{"name":"wp","href":"https:\/\/api.w.org\/{rel}","templated":true}]}}