{"id":104717,"date":"2020-11-14T09:01:46","date_gmt":"2020-11-14T14:01:46","guid":{"rendered":"https:\/\/linitiative.ca\/International\/cameroun-qui-est-francois-achille-eyabi-le-nouvel-eveque-du-diocese-deseka\/"},"modified":"2020-11-14T09:01:46","modified_gmt":"2020-11-14T14:01:46","slug":"cameroun-qui-est-francois-achille-eyabi-le-nouvel-eveque-du-diocese-deseka","status":"publish","type":"post","link":"https:\/\/linitiative.ca\/International\/cameroun-qui-est-francois-achille-eyabi-le-nouvel-eveque-du-diocese-deseka\/","title":{"rendered":"Cameroun : qui est Fran\u00e7ois Achille Eyabi, le nouvel \u00e9v\u00eaque du dioc\u00e8se d\u2019Eseka ?"},"content":{"rendered":"<div readability=\"32\">\n<p>Publi\u00e9 le 14.11.2020 \u00e0 15h01 par JournalduCameroun.com<\/p>\n<\/div>\n<div readability=\"75\">\n<h2 class=\"c6\">Il a \u00e9t\u00e9 nomm\u00e9 ce 14 novembre 2020 par le Pape Fran\u00e7ois. Il pr\u00e9lat remplace Monseigneur Dieudonn\u00e9 Bogmis, d\u00e9c\u00e9d\u00e9\u00a0 en aout 2018.<\/h2>\n<p class=\"c7\">Le Pape Fran\u00e7ois, chef de l\u2019\u00e9glise catholique, a nomm\u00e9 ce 14 novembre 2020 le \u00ab\u00a0r\u00e9v\u00e9rend p\u00e8re\u00a0\u00bb <strong>Fran\u00e7ois Achille Eyabi<\/strong> nouvel \u00e9v\u00eaque ordinaire du <strong>dioc\u00e8se d\u2019Eseka<\/strong>, dans la r\u00e9gion du Centre <strong>Cameroun<\/strong>. Le poste \u00e9tait vacant depuis le 25 aout 2018, avec la mort de l\u2019ancien \u00e9v\u00eaque Dieudonn\u00e9 Bogmis.<\/p>\n<p class=\"c7\">N\u00e9 le 30 septembre 1961 \u00e0 Ngambe (d\u00e9partement de la Sanaga-maritime, r\u00e9gion du Littoral), le d\u00e9sormais Monseigneur\u00a0 Fran\u00e7ois Achille Eyabi\u00e9v\u00eaque d\u2019Eseka a \u00e9t\u00e9 ordonn\u00e9 pr\u00eatre le 30 juillet 1988 \u00e0 Ed\u00e9a.<\/p>\n<p class=\"c7\">Avant cela, il a fait ses \u00e9tudes primaires \u00e0 l\u2019\u00e9cole catholique de Ngambe,\u00a0 ses \u00a0\u00e9tudes secondaires au petit s\u00e9minaire de Bonepoupa et au lyc\u00e9e classique d\u2019Ed\u00e9a. Il entre au Grand S\u00e9minaire de Nylon St Paul \u00e0 Douala.<\/p>\n<p class=\"c7\">\u00a0Il sera tour \u00e0 tour, Vicaire de la paroisse de S. Andr\u00e9 \u00e0 Pouma (1988-1992), Cur\u00e9 de la paroisse de S. Andr\u00e9 a Pouma et Vicaire \u00e9piscopal (1992-1996). Il est ensuite envoy\u00e9 \u00e0 Rome, au coll\u00e8ge Pontifical Urbain De Propaganda Fide, pour une formation th\u00e9ologique et pour un doctorat en th\u00e9ologie sacr\u00e9e \u00e0 orientation dogmatique \u00e0 l\u2019Universit\u00e9 Pontificale Urbaniana (1996-2000).<\/p>\n<p class=\"c7\">Il a \u00e9galement \u00e9t\u00e9 : vicaire g\u00e9n\u00e9ral et recteur du s\u00e9minaire pr\u00e9paratoire (2001-2004), recteur du Grand s\u00e9minaire provincial de th\u00e9ologie Paul VI de Douala (2005-2011), Vicaire de la cath\u00e9drale et aum\u00f4nier militaire d\u2019Ed\u00e9a (2011-2015).<\/p>\n<p class=\"c7\">Le 20 mai 2005, le Cardinal Crescenzio Sepe, Pr\u00e9fet de la Congr\u00e9gation pour l\u2019\u00e9vang\u00e9llisation des peuples le nomme sup\u00e9rieur du grand s\u00e9minaire inter-dioc\u00e9sain Paul VI dans le Dioc\u00e8se de Nkongsamba au Cameroun. Depuis 2015, il est vicaire \u00e9piscopal, cur\u00e9 de la cath\u00e9drale et secr\u00e9taire \u00e0 l\u2019\u00e9ducation catholique.<\/p>\n<\/div>\n<p>Auteur: Ludovic Amara<br \/>\n<a href=\"https:\/\/www.journalducameroun.com\/cameroun-qui-est-francois-achille-eyabi-le-nouvel-eveque-du-diocese-deseka-cameroun\/\">Cliquez ici pour lire l&rsquo;article depuis sa source.<\/a><\/p>\n","protected":false},"excerpt":{"rendered":"<p>Publi\u00e9 le 14.11.2020 \u00e0 15h01 par JournalduCameroun.com Il a \u00e9t\u00e9 nomm\u00e9 ce 14 novembre 2020 par le Pape Fran\u00e7ois. Il pr\u00e9lat remplace Monseigneur Dieudonn\u00e9 Bogmis, d\u00e9c\u00e9d\u00e9\u00a0 en aout 2018. Le Pape Fran\u00e7ois, chef de l\u2019\u00e9glise catholique, a nomm\u00e9 ce 14 novembre 2020 le \u00ab\u00a0r\u00e9v\u00e9rend p\u00e8re\u00a0\u00bb Fran\u00e7ois Achille Eyabi nouvel \u00e9v\u00eaque ordinaire du dioc\u00e8se d\u2019Eseka, dans [&hellip;]<\/p>\n","protected":false},"author":1965,"featured_media":0,"comment_status":"closed","ping_status":"closed","sticky":false,"template":"","format":"standard","meta":{"fifu_image_url":"","fifu_image_alt":"","footnotes":""},"categories":[73,82],"tags":[],"class_list":["post-104717","post","type-post","status-publish","format-standard","hentry","category-actualite","category-cameroun"],"_links":{"self":[{"href":"https:\/\/linitiative.ca\/International\/wp-json\/wp\/v2\/posts\/104717","targetHints":{"allow":["GET"]}}],"collection":[{"href":"https:\/\/linitiative.ca\/International\/wp-json\/wp\/v2\/posts"}],"about":[{"href":"https:\/\/linitiative.ca\/International\/wp-json\/wp\/v2\/types\/post"}],"author":[{"embeddable":true,"href":"https:\/\/linitiative.ca\/International\/wp-json\/wp\/v2\/users\/1965"}],"replies":[{"embeddable":true,"href":"https:\/\/linitiative.ca\/International\/wp-json\/wp\/v2\/comments?post=104717"}],"version-history":[{"count":0,"href":"https:\/\/linitiative.ca\/International\/wp-json\/wp\/v2\/posts\/104717\/revisions"}],"wp:attachment":[{"href":"https:\/\/linitiative.ca\/International\/wp-json\/wp\/v2\/media?parent=104717"}],"wp:term":[{"taxonomy":"category","embeddable":true,"href":"https:\/\/linitiative.ca\/International\/wp-json\/wp\/v2\/categories?post=104717"},{"taxonomy":"post_tag","embeddable":true,"href":"https:\/\/linitiative.ca\/International\/wp-json\/wp\/v2\/tags?post=104717"}],"curies":[{"name":"wp","href":"https:\/\/api.w.org\/{rel}","templated":true}]}}