{"id":104720,"date":"2020-11-14T13:31:51","date_gmt":"2020-11-14T18:31:51","guid":{"rendered":"https:\/\/linitiative.ca\/International\/cameroun-pleniere-speciale-de-lassemblee-nationale-pour-sensibiliser-sur-letablissement-dactes-de-naissance-aux-enfants\/"},"modified":"2020-11-14T13:31:51","modified_gmt":"2020-11-14T18:31:51","slug":"cameroun-pleniere-speciale-de-lassemblee-nationale-pour-sensibiliser-sur-letablissement-dactes-de-naissance-aux-enfants","status":"publish","type":"post","link":"https:\/\/linitiative.ca\/International\/cameroun-pleniere-speciale-de-lassemblee-nationale-pour-sensibiliser-sur-letablissement-dactes-de-naissance-aux-enfants\/","title":{"rendered":"Cameroun : pl\u00e9ni\u00e8re sp\u00e9ciale de l\u2019Assembl\u00e9e nationale pour sensibiliser sur l\u2019\u00e9tablissement d\u2019actes de naissance aux enfants"},"content":{"rendered":"<div readability=\"32\">\n<p>Publi\u00e9 le 14.11.2020 \u00e0 19h31 par JournalduCameroun.com<\/p>\n<\/div>\n<div readability=\"67\">\n<h2 class=\"c6\">L\u2019Auguste chambre ouvre le d\u00e9bat pouvant conduire au renforcement de la l\u00e9gislation afin de r\u00e9duire le nombre d\u2019enfants apatrides.<\/h2>\n<p class=\"c7\">Lundi 16 novembre 2020, l\u2019Assembl\u00e9e nationale du <strong>Cameroun<\/strong> organise une pl\u00e9ni\u00e8re sp\u00e9ciale sur la situation des milliers d\u2019enfants sans <strong>acte de naissance<\/strong>. <em>\u00ab\u00a0Cette situation, qui en fait des citoyens enti\u00e8rement \u00e0 part, perdure depuis de nombreuses ann\u00e9es malgr\u00e9 les mesures et actions entreprises par les pouvoirs publics\u00a0\u00bb<\/em>, constate Gaston Komba, Secr\u00e9taire g\u00e9n\u00e9ral\u00a0 de l\u2019Assembl\u00e9e nationale.<\/p>\n<p class=\"c7\">Pour cette raison, <em>\u00ab\u00a0cette question d\u2019int\u00e9r\u00eat national\u00a0\u00bb,<\/em> sera mis en d\u00e9bat par les <em>\u00ab\u00a0honorables\u00a0\u00bb<\/em> au cours de cette pl\u00e9ni\u00e8re. Il sera question d\u2019explorer les <em>\u00ab\u00a0solutions l\u00e9gislatives et r\u00e9glementaires durables \u00e0 entreprendre\u00a0\u00bb<\/em>, informe le Sg de l\u2019Assembl\u00e9e nationale.<\/p>\n<p class=\"c7\">Plusieurs ministres sont invit\u00e9s \u00e0 \u00e9difier les parlementaires sur la question, de m\u00eame que le Directeur du <strong>Bureau national de l\u2019Etat civil<\/strong> (Bunec).<\/p>\n<p class=\"c7\">Le 11 novembre dernier, le Haut Commissariat des Nations unies pour les r\u00e9fugi\u00e9s (HCR) a organis\u00e9 une conf\u00e9rence sur le th\u00e8me <em>\u00ab\u2009la lutte contre les risques de l\u2019apatridie au Cameroun\u2009\u00bb<\/em> \u00a0\u00e0 Maroua.<\/p>\n<p class=\"c7\">Lors de cette rencontre, il a \u00e9t\u00e9 r\u00e9v\u00e9l\u00e9 que 378\u2009762 \u00e9l\u00e8ves du primaire \u00e9taient d\u00e9pourvus d\u2019acte de naissance dans la r\u00e9gion de l\u2019Extr\u00eame-nord au cours de l\u2019ann\u00e9e scolaire 2019-2020.<\/p>\n<p class=\"c7\">Un ph\u00e9nom\u00e8ne li\u00e9 essentiellement \u00e0 la non-d\u00e9claration des naissances et \u00e0 l\u2019ignorance des parents. Un individu sans acte de naissance ne peut pas se faire \u00e9tablir une pi\u00e8ce d\u2019identit\u00e9, s\u2019exposant ainsi au risque d\u2019apatridie, avait alors fait observer le Bunec.<\/p>\n<\/div>\n<p>Auteur: Ludovic Amara<br \/>\n<a href=\"https:\/\/www.journalducameroun.com\/cameroun-pleniere-speciale-de-lassemblee-nationale-pour-sensibiliser-sur-letablissement-dactes-de-naissance-aux-enfants-cameroun\/\">Cliquez ici pour lire l&rsquo;article depuis sa source.<\/a><\/p>\n","protected":false},"excerpt":{"rendered":"<p>Publi\u00e9 le 14.11.2020 \u00e0 19h31 par JournalduCameroun.com L\u2019Auguste chambre ouvre le d\u00e9bat pouvant conduire au renforcement de la l\u00e9gislation afin de r\u00e9duire le nombre d\u2019enfants apatrides. Lundi 16 novembre 2020, l\u2019Assembl\u00e9e nationale du Cameroun organise une pl\u00e9ni\u00e8re sp\u00e9ciale sur la situation des milliers d\u2019enfants sans acte de naissance. \u00ab\u00a0Cette situation, qui en fait des citoyens [&hellip;]<\/p>\n","protected":false},"author":1965,"featured_media":0,"comment_status":"closed","ping_status":"closed","sticky":false,"template":"","format":"standard","meta":{"fifu_image_url":"","fifu_image_alt":"","footnotes":""},"categories":[73,82],"tags":[],"class_list":["post-104720","post","type-post","status-publish","format-standard","hentry","category-actualite","category-cameroun"],"_links":{"self":[{"href":"https:\/\/linitiative.ca\/International\/wp-json\/wp\/v2\/posts\/104720","targetHints":{"allow":["GET"]}}],"collection":[{"href":"https:\/\/linitiative.ca\/International\/wp-json\/wp\/v2\/posts"}],"about":[{"href":"https:\/\/linitiative.ca\/International\/wp-json\/wp\/v2\/types\/post"}],"author":[{"embeddable":true,"href":"https:\/\/linitiative.ca\/International\/wp-json\/wp\/v2\/users\/1965"}],"replies":[{"embeddable":true,"href":"https:\/\/linitiative.ca\/International\/wp-json\/wp\/v2\/comments?post=104720"}],"version-history":[{"count":0,"href":"https:\/\/linitiative.ca\/International\/wp-json\/wp\/v2\/posts\/104720\/revisions"}],"wp:attachment":[{"href":"https:\/\/linitiative.ca\/International\/wp-json\/wp\/v2\/media?parent=104720"}],"wp:term":[{"taxonomy":"category","embeddable":true,"href":"https:\/\/linitiative.ca\/International\/wp-json\/wp\/v2\/categories?post=104720"},{"taxonomy":"post_tag","embeddable":true,"href":"https:\/\/linitiative.ca\/International\/wp-json\/wp\/v2\/tags?post=104720"}],"curies":[{"name":"wp","href":"https:\/\/api.w.org\/{rel}","templated":true}]}}