{"id":104738,"date":"2020-11-15T09:44:36","date_gmt":"2020-11-15T14:44:36","guid":{"rendered":"https:\/\/linitiative.ca\/International\/immigration-illegale-et-traite-des-etres-humains-un-trentenaire-interpelle-a-nador\/"},"modified":"2020-11-15T09:44:36","modified_gmt":"2020-11-15T14:44:36","slug":"immigration-illegale-et-traite-des-etres-humains-un-trentenaire-interpelle-a-nador","status":"publish","type":"post","link":"https:\/\/linitiative.ca\/International\/immigration-illegale-et-traite-des-etres-humains-un-trentenaire-interpelle-a-nador\/","title":{"rendered":"Immigration ill\u00e9gale et traite des \u00eatres humains : Un trentenaire interpell\u00e9 \u00e0 Nador"},"content":{"rendered":"<header>\n<\/header>\n<div class=\"entry-content clearfix\" readability=\"68\"><img decoding=\"async\" class=\"post_layout_5_img\" src=\"http:\/\/aujourdhui.ma\/wp-content\/uploads\/2020\/11\/Migration-clandestine-Immigration-illegale-Maroc.jpg\" alt=\"Immigration ill&#xE9;gale et traite des &#xEA;tres humains : Un trentenaire interpell&#xE9; &#xE0; Nador\"\/><\/p>\n<p><span class=\"c5\"><strong>Les \u00e9l\u00e9ments de la Brigade de la police judiciaire relevant du district provincial de s\u00fbret\u00e9 de Nador ont interpell\u00e9, vendredi sur la base d\u2019informations pr\u00e9cises fournies par les services de la Direction g\u00e9n\u00e9rale de la surveillance du territoire (DGST), un homme de 30 ans soup\u00e7onn\u00e9 de liens avec un r\u00e9seau criminel actif dans l\u2019immigration ill\u00e9gale et la traite des \u00eatres humains.<\/strong><\/span><span id=\"more-360483\"\/><\/p>\n<p>Le suspect, gardien de son \u00e9tat d\u2019une habitation situ\u00e9e dans la zone c\u00f4ti\u00e8re de \u00ab\u00a0Beni Ansar\u00a0\u00bb, a \u00e9t\u00e9 interpell\u00e9 en flagrant d\u00e9lit d\u2019h\u00e9bergement de 18 candidats \u00e0 l\u2019immigration ill\u00e9gale auxquels il avait promis de faire immigrer clandestinement vers les c\u00f4tes europ\u00e9ennes, en contrepartie d\u2019environ 50.000 DH chacun, indique la Direction g\u00e9n\u00e9rale de la s\u00fbret\u00e9 nationale (DGSN) dans un communiqu\u00e9.<\/p>\n<p>Les perquisitions effectu\u00e9es dans le cadre de cette affaire ont permis la saisie de mat\u00e9riels logistiques, soup\u00e7onn\u00e9s d\u2019\u00eatre utilis\u00e9s pour la facilitation de ces actes criminels, \u00e0 savoir deux bateaux de plaisance, du mat\u00e9riel de navigation et de sauvetage, des appareils de communication sans fil et une paire de jumelles, outre un kilogramme de chira, d\u00e9taille le communiqu\u00e9.<\/p>\n<p>Les fouilles ont \u00e9galement permis de saisir d\u2019autres \u00e9quipements enterr\u00e9s dans le jardin de l\u2019habitation et dont les enqu\u00eates sont en cours pour d\u00e9terminer les circonstances de leur possession, indique la DGSN, pr\u00e9cisant qu\u2019il s\u2019agit de trois pistolets (dont certains \u00e0 billes), un fusil de chasse, deux pi\u00e8ces d\u00e9tach\u00e9es de deux fusils de chasse, des balles, et un prototype d\u2019une arme automatique.<\/p>\n<\/div>\n<p>Auteur: ALM<br \/>\n<a href=\"https:\/\/aujourdhui.ma\/faits-divers\/immigration-illegale-et-traite-des-etres-humains-un-trentenaire-interpelle-a-nador\">Cliquez ici pour lire l&rsquo;article depuis sa source.<\/a><\/p>\n","protected":false},"excerpt":{"rendered":"<p>Les \u00e9l\u00e9ments de la Brigade de la police judiciaire relevant du district provincial de s\u00fbret\u00e9 de Nador ont interpell\u00e9, vendredi sur la base d\u2019informations pr\u00e9cises fournies par les services de la Direction g\u00e9n\u00e9rale de la surveillance du territoire (DGST), un homme de 30 ans soup\u00e7onn\u00e9 de liens avec un r\u00e9seau criminel actif dans l\u2019immigration ill\u00e9gale [&hellip;]<\/p>\n","protected":false},"author":1759,"featured_media":104739,"comment_status":"closed","ping_status":"closed","sticky":false,"template":"","format":"standard","meta":{"fifu_image_url":"","fifu_image_alt":"","footnotes":""},"categories":[73,54],"tags":[],"class_list":["post-104738","post","type-post","status-publish","format-standard","has-post-thumbnail","hentry","category-actualite","category-maroc"],"_links":{"self":[{"href":"https:\/\/linitiative.ca\/International\/wp-json\/wp\/v2\/posts\/104738","targetHints":{"allow":["GET"]}}],"collection":[{"href":"https:\/\/linitiative.ca\/International\/wp-json\/wp\/v2\/posts"}],"about":[{"href":"https:\/\/linitiative.ca\/International\/wp-json\/wp\/v2\/types\/post"}],"author":[{"embeddable":true,"href":"https:\/\/linitiative.ca\/International\/wp-json\/wp\/v2\/users\/1759"}],"replies":[{"embeddable":true,"href":"https:\/\/linitiative.ca\/International\/wp-json\/wp\/v2\/comments?post=104738"}],"version-history":[{"count":0,"href":"https:\/\/linitiative.ca\/International\/wp-json\/wp\/v2\/posts\/104738\/revisions"}],"wp:featuredmedia":[{"embeddable":true,"href":"https:\/\/linitiative.ca\/International\/wp-json\/"}],"wp:attachment":[{"href":"https:\/\/linitiative.ca\/International\/wp-json\/wp\/v2\/media?parent=104738"}],"wp:term":[{"taxonomy":"category","embeddable":true,"href":"https:\/\/linitiative.ca\/International\/wp-json\/wp\/v2\/categories?post=104738"},{"taxonomy":"post_tag","embeddable":true,"href":"https:\/\/linitiative.ca\/International\/wp-json\/wp\/v2\/tags?post=104738"}],"curies":[{"name":"wp","href":"https:\/\/api.w.org\/{rel}","templated":true}]}}