{"id":104748,"date":"2020-11-15T08:14:16","date_gmt":"2020-11-15T13:14:16","guid":{"rendered":"https:\/\/linitiative.ca\/International\/%ef%bb%bfportez-vos-masques-ca-tourne\/"},"modified":"2020-11-15T08:14:16","modified_gmt":"2020-11-15T13:14:16","slug":"%ef%bb%bfportez-vos-masques-ca-tourne","status":"publish","type":"post","link":"https:\/\/linitiative.ca\/International\/%ef%bb%bfportez-vos-masques-ca-tourne\/","title":{"rendered":"\ufeffPortez vos masques, \u00e7a tourne!"},"content":{"rendered":"<p class=\"has-text-color has-vivid-red-color c2\"><strong>La pand\u00e9mie racont\u00e9e par le cin\u00e9ma marocain<\/strong><\/p>\n<p class=\"c3\"><strong>Par Sofia El Aouni (MAP)<\/strong><\/p>\n<p class=\"has-text-color c4\"><strong>\u00abIl y a bien un moment o\u00f9 il faut passer de l\u2019explication \u00e0 la simple description\u00bb, cette citation du philosophe austro-hongrois, Ludwig Wittgenstein dans \u00ab\u00dcber Gewissheit\u00bb (De la certitude), r\u00e9sume parfaitement le projet artistique de certains r\u00e9alisateurs, qui se sont lanc\u00e9s dans une aventure cr\u00e9ative, orchestr\u00e9e par la crise sanitaire du coronavirus.<\/strong><\/p>\n<p>En effet, l\u2019ensemble de l\u2019industrie cin\u00e9matographique, dont les salles et la production, a \u00e9t\u00e9 victime d\u2019un cruel coup d\u2019arr\u00eat, accompagn\u00e9 d\u2019importantes r\u00e9percussions \u00e9conomiques.<\/p>\n<p>Certes, cette situation exclusive a mis \u00e0 nu les lacunes d\u2019un syst\u00e8me mondial d\u00e9j\u00e0 fragilis\u00e9, mais il a aussi permis de nourrir une cr\u00e9ativit\u00e9 humaine capable de contourner les restrictions sanitaires. Le cin\u00e9ma marocain s\u2019est lui aussi inscrit dans cette dynamique.<\/p>\n<p>C\u2019est ainsi que six cin\u00e9astes marocains se sont pr\u00eat\u00e9s au jeu, en offrant aux cin\u00e9philes une nouvelle expression artistique, bas\u00e9e sur le seul objet d\u00e9mocratis\u00e9 par une mondialisation effr\u00e9n\u00e9e : le t\u00e9l\u00e9phone portable.<\/p>\n<p>Une crise sanitaire commune exprim\u00e9e et v\u00e9cue par six diff\u00e9rents regards \u00e0 savoir \u00abDistance\u00bb de Mohamed Mouftakir, \u00abArbres\u00bb de Faouzi Bensaidi, \u00abCarte-postale en temps de Corona\u00bb de Tala Hadid, \u00abNo Conclusions\u00bb de Hakim Belabbes, \u00abMauvais sc\u00e9nario\u00bb de Adil Fadili et \u00abQuo Vidis Arcadya\u00bb de Yassine Marco Marroccu.<\/p>\n<p>Le Centre cin\u00e9matographique marocain a contact\u00e9 des cin\u00e9astes en vue de consid\u00e9rer leur expression artistique durant cette p\u00e9riode, \u00e0 travers une cr\u00e9ation originale d\u00e9voil\u00e9e gr\u00e2ce \u00e0 un smartphone, tout en respectant les mesures sanitaires, a indiqu\u00e9, le r\u00e9alisateur Mohamed Mouftakir.<\/p>\n<p>Cette initiative avait pour objet de c\u00e9l\u00e9brer la r\u00e9ouverture des salles de cin\u00e9ma avec ces six films, a-t-il d\u00e9clar\u00e9, soulignant que devant l\u2019incertitude r\u00e9gnante sur le secteur, d\u00fbe au Coronavirus, le CCM a d\u00e9cid\u00e9 d\u2019entamer la projection sur sa plateforme.<\/p>\n<p>Selon le r\u00e9alisateur de \u00abL\u2019Automne des pommiers\u00bb, son \u0153uvre \u00abDistance\u00bb est une continuit\u00e9 d\u2019une trilogie de la Covid-19. Ma premi\u00e8re exp\u00e9rience similaire \u00e9tait \u00abConfinement\u00bb, r\u00e9alis\u00e9 avec un cellulaire et projet\u00e9 sur internet, dans le cadre d\u2019un autre projet\u00bb. Mouftakir fait savoir que le concept \u00abRegards\u00bb se veut un partage d\u2019un v\u00e9cu et une exploration de l\u2019expression artistique, en utilisant des supports \u00e0 la port\u00e9e de main. Il a \u00e9galement d\u00e9voil\u00e9 qu\u2019un troisi\u00e8me court m\u00e9trage, tourn\u00e9 dans le m\u00eame esprit, est en \u00abgestation\u00bb et portera le titre de \u00abRencontre\u00bb.<\/p>\n<p>Dans la m\u00eame veine, le r\u00e9alisateur Adil El fadili a confi\u00e9 que \u00abRegards\u00bb est un concept \u00abint\u00e9ressant\u00bb permettant de marquer cette p\u00e9riode particuli\u00e8re que traverse l\u2019humanit\u00e9. Participant avec son film\u00a0\u00abMauvais sc\u00e9nario\u00bb, Adil El Fadili a relev\u00e9 que cette exp\u00e9rience cellulaire a \u00e9t\u00e9 concr\u00e9tis\u00e9e avec \u201cles moyens de bords\u201d en joignant ses enfants au projet. \u00abEn tant qu\u2019artiste, je vivais comme tout le monde le confinement, je voulais m\u2019exprimer \u00e0 travers l\u2019art pour raconter et partager mon propre v\u00e9cu\u00bb, a-t-il dit.<\/p>\n<p>Pour ce r\u00e9alisateur chevronn\u00e9, le cin\u00e9ma doit garder sa magie esth\u00e9tique et visuelle, sans tomber dans les films tourn\u00e9s avec des cellulaires. \u00abJe suis une personne classique, qui regarde les films sur grand \u00e9cran, r\u00e9alis\u00e9s avec d\u2019importants moyens avec une identit\u00e9 et un certain regard\u00bb.<\/p>\n<p>Promoteur de l\u2019initiative \u201cRegards\u201d lanc\u00e9e durant la p\u00e9riode du confinement, le CCM a depuis lundi 09 novembre 2020, entam\u00e9 la mise en ligne sur sa plateforme, toutes les 48 heures, des six courts m\u00e9trages participants, qui s\u2019\u00e9tale jusqu\u2019au 19 novembre 2020.<\/p>\n<p>Auteur: M&rsquo;hammed rahal<br \/>\n<a href=\"http:\/\/albayane.press.ma\/%EF%BB%BFportez-vos-masques-ca-tourne.html\">Cliquez ici pour lire l&rsquo;article depuis sa source.<\/a><\/p>\n","protected":false},"excerpt":{"rendered":"<p>La pand\u00e9mie racont\u00e9e par le cin\u00e9ma marocain Par Sofia El Aouni (MAP) \u00abIl y a bien un moment o\u00f9 il faut passer de l\u2019explication \u00e0 la simple description\u00bb, cette citation du philosophe austro-hongrois, Ludwig Wittgenstein dans \u00ab\u00dcber Gewissheit\u00bb (De la certitude), r\u00e9sume parfaitement le projet artistique de certains r\u00e9alisateurs, qui se sont lanc\u00e9s dans une [&hellip;]<\/p>\n","protected":false},"author":1760,"featured_media":0,"comment_status":"closed","ping_status":"closed","sticky":false,"template":"","format":"standard","meta":{"fifu_image_url":"","fifu_image_alt":"","footnotes":""},"categories":[73,54],"tags":[],"class_list":["post-104748","post","type-post","status-publish","format-standard","hentry","category-actualite","category-maroc"],"_links":{"self":[{"href":"https:\/\/linitiative.ca\/International\/wp-json\/wp\/v2\/posts\/104748","targetHints":{"allow":["GET"]}}],"collection":[{"href":"https:\/\/linitiative.ca\/International\/wp-json\/wp\/v2\/posts"}],"about":[{"href":"https:\/\/linitiative.ca\/International\/wp-json\/wp\/v2\/types\/post"}],"author":[{"embeddable":true,"href":"https:\/\/linitiative.ca\/International\/wp-json\/wp\/v2\/users\/1760"}],"replies":[{"embeddable":true,"href":"https:\/\/linitiative.ca\/International\/wp-json\/wp\/v2\/comments?post=104748"}],"version-history":[{"count":0,"href":"https:\/\/linitiative.ca\/International\/wp-json\/wp\/v2\/posts\/104748\/revisions"}],"wp:attachment":[{"href":"https:\/\/linitiative.ca\/International\/wp-json\/wp\/v2\/media?parent=104748"}],"wp:term":[{"taxonomy":"category","embeddable":true,"href":"https:\/\/linitiative.ca\/International\/wp-json\/wp\/v2\/categories?post=104748"},{"taxonomy":"post_tag","embeddable":true,"href":"https:\/\/linitiative.ca\/International\/wp-json\/wp\/v2\/tags?post=104748"}],"curies":[{"name":"wp","href":"https:\/\/api.w.org\/{rel}","templated":true}]}}