{"id":104749,"date":"2020-11-15T08:23:47","date_gmt":"2020-11-15T13:23:47","guid":{"rendered":"https:\/\/linitiative.ca\/International\/%ef%bb%bfoppo-a93-est-disponible-au-maroc\/"},"modified":"2020-11-15T08:23:47","modified_gmt":"2020-11-15T13:23:47","slug":"%ef%bb%bfoppo-a93-est-disponible-au-maroc","status":"publish","type":"post","link":"https:\/\/linitiative.ca\/International\/%ef%bb%bfoppo-a93-est-disponible-au-maroc\/","title":{"rendered":"\ufeffOppo A93 est disponible au Maroc"},"content":{"rendered":"<p class=\"has-text-color has-vivid-red-color c2\"><strong>Le dernier-n\u00e9 de la s\u00e9rie A<\/strong><\/p>\n<p class=\"c3\"><strong>A\u00efmen Bouzoggaghe<\/strong><\/p>\n<p class=\"has-text-color c4\"><strong>Oppo vient d\u2019annoncer le lancement de son nouveau smartphone A93 au Maroc. Le dernier-n\u00e9 de la s\u00e9rie A se distingue par un design haut de gamme et de multiples choix technologiques d\u2019apr\u00e8s la marque chinoise.<\/strong><\/p>\n<p class=\"has-text-color has-vivid-red-color\"><strong>Design fin et \u00e9l\u00e9gant<\/strong><\/p>\n<p>Oppo A93 a \u00e9t\u00e9 con\u00e7u avec un corps ultra fin et \u00e9l\u00e9gant de 7,48 mm. Pour obtenir ce corps ultrafin et ultral\u00e9ger de 164 g, Oppo pr\u00e9cise que le A93 utilise un design de pointe pour optimiser et adapter la carte m\u00e8re, la batterie et autres composants dans son design mince.<\/p>\n<p>Pour s\u2019assurer que les utilisateurs sont pleinement immerg\u00e9s dans leur contenu, Oppo A93 est dot\u00e9 d\u2019un \u00e9cran \u00e0 double perforation de 6,43 pouces FHD+ et Super AMOLED brillant avec un grand rapport \u00e9cran\/corps de 90,7%. L\u2019\u00e9cran utilise des mini trous \u00e0 double perforation qui se targuent d\u2019avoir le plus petit diam\u00e8tre de cam\u00e9ra de ce segment de prix, soit seulement 3,7 mm.<\/p>\n<p>\u00ab\u00a0La S\u00e9rie A a \u00e9t\u00e9 con\u00e7u pour que la g\u00e9n\u00e9ration des innovateurs puisse obtenir un smartphone de qualit\u00e9 qui convienne \u00e0 la fois \u00e0 leur vie et \u00e0 leur style personnel, et avec un design \u00e9pur\u00e9 que vous n\u2019aurez pas peur d\u2019afficher \u00e0 l\u2019ext\u00e9rieur\u00a0\u00bb, a d\u00e9clar\u00e9 Steven Wan, vice-pr\u00e9sident de Oppo Maroc. Et de poursuivre\u00a0: \u00ab\u00a0Con\u00e7u sur la base de recherches sur les consommateurs locaux, Oppo A93 coche toutes les bonnes cases pour un t\u00e9l\u00e9phone dot\u00e9 d\u2019un appareil photo AI permettant d\u2019obtenir des photos de portraits \u00e0 couper le souffle, et d\u2019une technologie de chargement avanc\u00e9e garantissant que votre t\u00e9l\u00e9phone ne freinera pas votre mode de vie. Oppo A93 r\u00e9pond aux attentes \u00e9lev\u00e9es et aux valeurs auxquelles nos utilisateurs ambitieux sont attach\u00e9s, tant dans la forme que dans le style\u00a0\u00bb.<\/p>\n<p class=\"has-text-color has-vivid-red-color\"><strong>L\u2019intelligence artificielle au service du selfie<\/strong><\/p>\n<p>Le A93 est le tout premier t\u00e9l\u00e9phone \u00e0 6 cam\u00e9ras de la s\u00e9rie A. L\u2019avant du t\u00e9l\u00e9phone est \u00e9quip\u00e9 d\u2019une double cam\u00e9ra qui utilise un traitement au niveau du hardware pour ajouter un effet bokeh aux photos. AI Portrait Color permet de capturer des photos \u00e0 partir d\u2019une nouvelle perspective en donnant des couleurs vives aux portraits. AI Super Clear Portrait garantit que m\u00eame les plus petits d\u00e9tails du visage sont clairement repr\u00e9sent\u00e9s, ou peuvent m\u00eame \u00eatre reconstruits, tandis que AI Beautification 2.0 pr\u00e9sente des options d\u2019embellissement personnalis\u00e9es qui sont adapt\u00e9es aux pr\u00e9f\u00e9rences de beaut\u00e9 de l\u2019utilisateur local et d\u00e9tecte automatiquement le maquillage existant, tel que le rouge \u00e0 l\u00e8vres, puis montre des effets personnalis\u00e9s.<\/p>\n<p>Pour r\u00e9aliser les meilleurs portraits en basse lumi\u00e8re, AI Night Flare Portrait est une fonction qui combine l\u2019effet bokeh et les algorithmes HDR en basse lumi\u00e8re pour r\u00e9aliser des photos artistiques qui ajoutent des flashs nocturnes sur les photos de portraits prises avec les lumi\u00e8res de la ville en toile de fond.<\/p>\n<p class=\"has-text-color has-vivid-red-color\"><strong>Charge rapide<\/strong><\/p>\n<p>AI Night Charging utilise AI Learning \u00e0 travers un apprentissage automatique des habitudes de sommeil de l\u2019utilisateur en chargeant le t\u00e9l\u00e9phone exactement \u00e0 100% au moment o\u00f9 il se r\u00e9veille de son sommeil. Si l\u2019utilisateur se retrouve sans chargeur de pendant la journ\u00e9e, le mode Super \u00e9conomie d\u2019\u00e9nergie optimise les derniers 5% de la dur\u00e9e de vie de la batterie en tournant l\u2019affichage en noir et blanc, tout en ex\u00e9cutant seulement six applications pr\u00e9d\u00e9termin\u00e9es.<\/p>\n<p class=\"has-text-color has-vivid-red-color\"><strong>Une exp\u00e9rience d\u2019utilisateur pratique et fluide<\/strong><\/p>\n<p>L\u2019exp\u00e9rience d\u2019utilisateur optimis\u00e9e de Oppo A93 commence avec son chipset MediaTek Helio P95 AI, 8 Go de m\u00e9moire et 128 Go de stockage, qui peut aller jusqu\u2019\u00e0 512 Go via un emplacement pour 3 cartes. De plus, l\u2019algorithme anti- d\u00e9calage de OPPO A93 peut d\u00e9tecter et effacer les donn\u00e9es qui provoquent des erreurs de m\u00e9moire, ce qui rend les bugs et les blocages moins probables.<\/p>\n<p>\u00ab\u00a0Gr\u00e2ce aux am\u00e9liorations apport\u00e9es \u00e0 l\u2019option de d\u00e9fragmentation de la m\u00e9moire, la probabilit\u00e9 que le t\u00e9l\u00e9phone bug est r\u00e9duite jusqu\u2019\u00e0 54% par rapport \u00e0 la g\u00e9n\u00e9ration pr\u00e9c\u00e9dente, tandis que les performances de lecture et d\u2019\u00e9criture de fichiers sont am\u00e9lior\u00e9es jusqu\u2019\u00e0 28% gr\u00e2ce \u00e0 l\u2019optimisation automatique de la base de donn\u00e9es.\u00a0\u00bb, souligne Oppo.<\/p>\n<p class=\"has-text-color has-vivid-red-color\"><strong>Disponibilit\u00e9 sur le march\u00e9<\/strong><\/p>\n<p>Il est \u00e0 noter que Oppo A93 est d\u2019ores et d\u00e9j\u00e0 disponible au Maroc en trois couleurs : le bleu magique, le noir mat et le blanc m\u00e9tallis\u00e9 au prix de 3199 DH.<\/p>\n<p>Auteur: M&rsquo;hammed rahal<br \/>\n<a href=\"http:\/\/albayane.press.ma\/%EF%BB%BFoppo-a93-est-disponible-au-maroc.html\">Cliquez ici pour lire l&rsquo;article depuis sa source.<\/a><\/p>\n","protected":false},"excerpt":{"rendered":"<p>Le dernier-n\u00e9 de la s\u00e9rie A A\u00efmen Bouzoggaghe Oppo vient d\u2019annoncer le lancement de son nouveau smartphone A93 au Maroc. Le dernier-n\u00e9 de la s\u00e9rie A se distingue par un design haut de gamme et de multiples choix technologiques d\u2019apr\u00e8s la marque chinoise. Design fin et \u00e9l\u00e9gant Oppo A93 a \u00e9t\u00e9 con\u00e7u avec un corps [&hellip;]<\/p>\n","protected":false},"author":1760,"featured_media":0,"comment_status":"closed","ping_status":"closed","sticky":false,"template":"","format":"standard","meta":{"fifu_image_url":"","fifu_image_alt":"","footnotes":""},"categories":[73,54],"tags":[],"class_list":["post-104749","post","type-post","status-publish","format-standard","hentry","category-actualite","category-maroc"],"_links":{"self":[{"href":"https:\/\/linitiative.ca\/International\/wp-json\/wp\/v2\/posts\/104749","targetHints":{"allow":["GET"]}}],"collection":[{"href":"https:\/\/linitiative.ca\/International\/wp-json\/wp\/v2\/posts"}],"about":[{"href":"https:\/\/linitiative.ca\/International\/wp-json\/wp\/v2\/types\/post"}],"author":[{"embeddable":true,"href":"https:\/\/linitiative.ca\/International\/wp-json\/wp\/v2\/users\/1760"}],"replies":[{"embeddable":true,"href":"https:\/\/linitiative.ca\/International\/wp-json\/wp\/v2\/comments?post=104749"}],"version-history":[{"count":0,"href":"https:\/\/linitiative.ca\/International\/wp-json\/wp\/v2\/posts\/104749\/revisions"}],"wp:attachment":[{"href":"https:\/\/linitiative.ca\/International\/wp-json\/wp\/v2\/media?parent=104749"}],"wp:term":[{"taxonomy":"category","embeddable":true,"href":"https:\/\/linitiative.ca\/International\/wp-json\/wp\/v2\/categories?post=104749"},{"taxonomy":"post_tag","embeddable":true,"href":"https:\/\/linitiative.ca\/International\/wp-json\/wp\/v2\/tags?post=104749"}],"curies":[{"name":"wp","href":"https:\/\/api.w.org\/{rel}","templated":true}]}}