{"id":104756,"date":"2020-11-15T08:10:17","date_gmt":"2020-11-15T13:10:17","guid":{"rendered":"https:\/\/linitiative.ca\/International\/bayt-dakira-memoire-histoire-et-droit-au-coeur-de-la-meme-demarche\/"},"modified":"2020-11-15T08:10:17","modified_gmt":"2020-11-15T13:10:17","slug":"bayt-dakira-memoire-histoire-et-droit-au-coeur-de-la-meme-demarche","status":"publish","type":"post","link":"https:\/\/linitiative.ca\/International\/bayt-dakira-memoire-histoire-et-droit-au-coeur-de-la-meme-demarche\/","title":{"rendered":"Bayt Dakira: M\u00e9moire, Histoire et Droit au c\u0153ur de la m\u00eame d\u00e9marche"},"content":{"rendered":"<div readability=\"42\">\n<p>Essaouira- \u00ab\u00a0Islam et Juda\u00efsme sont par essence des civilisations du Livre ou le Droit, le Savoir et la Science ont fait corps avec la th\u00e9ologie\u00a0\u00bb, a affirm\u00e9, samedi, M. Andr\u00e9 Azoulay, Conseiller de Sa Majest\u00e9 le Roi et Pr\u00e9sident-Fondateur de l\u2019Association Essaouira-Mogador, soulignant que \u00ab\u00a0Bayt Dakira\u00a0\u00bb a \u00ab\u00a0plac\u00e9 M\u00e9moire, Histoire et Droit au c\u0153ur de la m\u00eame d\u00e9marche\u00a0\u00bb.<\/p>\n<\/div>\n<div readability=\"82\">\n<p>S\u2019exprimant \u00e0 l\u2019ouverture de la Rencontre scientifique du Centre d\u2019Etudes et de Recherches sur le Droit H\u00e9bra\u00efque au Maroc, r\u00e9unie \u00e0 \u00ab\u00a0Bayt Dakira\u00a0\u00bb et initi\u00e9e sous le th\u00e8me \u00ab\u00a0La place du droit h\u00e9bra\u00efque dans l\u2019ordre juridique marocain\u00a0\u00bb, M. Azoulay a mis en relief l\u2019enracinement historique et culturel du droit h\u00e9bra\u00efque en terre d\u2019Islam, en rappelant la centralit\u00e9 et la modernit\u00e9 pionni\u00e8re des enseignements de l\u2019Universit\u00e9 Karaouiyine \u00e0 F\u00e8s, les Responsa de Ma\u00efmonide (Ibn Ma\u00efmoun) et les apports de Bayt Al Hikma \u00e0 Bagdad.<\/p>\n<p>C\u2019est dans la perspective de cette profondeur historique de pr\u00e8s d\u2019un mill\u00e9naire qu\u2019\u00e0 Essaouira, \u00ab\u00a0Bayt Dakira\u00a0\u00bb a choisi d\u2019inscrire sa d\u00e9marche en abritant le Centre d\u2019Etudes et de Recherches sur le Droit H\u00e9bra\u00efque au Maroc, \u00ab\u00a0fruit de l\u2019engagement visionnaire du professeur Abdellah Ouzitane, pr\u00e9sident-fondateur du Centre, et du professeur Farid El Bacha, Doyen de la Facult\u00e9 de Droit de l\u2019Universit\u00e9 Mohammed V de Rabat\u00a0\u00bb, a-t-il soutenu.<\/p>\n<p>\u00ab\u00a0Chacun comprendra \u00e9galement pourquoi d\u00e8s le d\u00e9but de nos travaux nous avons d\u00e9lib\u00e9r\u00e9ment choisi d\u2019associer \u00e0 la vocation m\u00e9morielle et historique de Bayt Dakira, la discipline du Droit adoss\u00e9e \u00e0 la riche singularit\u00e9 et \u00e0 la r\u00e9silience s\u00e9culaire du statut personnel juif dans notre droit national\u00a0\u00bb, a soulign\u00e9 pour conclure le Conseiller de SM le Roi.<\/p>\n<p>Initi\u00e9e conjointement par le Centre d\u2019Etudes et de Recherches sur le Droit H\u00e9bra\u00efque au Maroc, la Fondation Konrad Adenauer au Maroc et l\u2019Association Essaouira-Mogador, cette Rencontre scientifique et acad\u00e9mique a \u00e9t\u00e9 rehauss\u00e9e par la participation d\u2019un ar\u00e9opage d\u2019experts, de chercheurs et de professeurs universitaires marocains et \u00e9trangers de renom.<\/p>\n<p>\u00ab\u00a0De la norme h\u00e9bra\u00efque ou statut personnel isra\u00e9lite : l\u2019int\u00e9gration juridique de la communaut\u00e9 juive dans la nation marocaine\u00a0\u00bb, \u00ab\u00a0Interd\u00e9pendance des droits coutumiers h\u00e9bra\u00efque et amazigh\u00a0\u00bb, \u00ab\u00a0Identit\u00e9 et dialogue ou comment contrer les r\u00e9flexes identitaires et le monologue de nos certitudes\u00a0\u00bb, \u00ab\u00a0Droit d\u2019appartenance et identit\u00e9, Bayt Dakira comme mod\u00e8le\u00a0\u00bb, \u00ab\u00a0Droits coutumiers et sanctuaires, le culte des saints juifs marocains\u00a0\u00bb et \u00ab\u00a0Le syst\u00e8me juridique h\u00e9bra\u00efque : jusqu\u2019o\u00f9 remonte-t-il dans l\u2019histoire du Maroc ?\u00a0\u00bb, sont autant de th\u00e9matiques qui ont \u00e9t\u00e9 abord\u00e9es au cours de ce s\u00e9minaire, marqu\u00e9 par la pr\u00e9sentation par M. Ahmed Driouch, professeur \u00e0 l\u2019Universit\u00e9 de Rabat-Agdal, de son ouvrage sur David Santillana, acteur, penseur et \u00e9minent sp\u00e9cialiste des droits musulman et europ\u00e9en.<\/p>\n<\/div>\n<p>Auteur: Mohammed KOURSI<br \/>\n<a href=\"http:\/\/www.mapmarrakech.ma\/fr\/bayt-dakira-memoire-histoire-et-droit-au-coeur-de-la-meme-demarche\/\">Cliquez ici pour lire l&rsquo;article depuis sa source.<\/a><\/p>\n","protected":false},"excerpt":{"rendered":"<p>Essaouira- \u00ab\u00a0Islam et Juda\u00efsme sont par essence des civilisations du Livre ou le Droit, le Savoir et la Science ont fait corps avec la th\u00e9ologie\u00a0\u00bb, a affirm\u00e9, samedi, M. Andr\u00e9 Azoulay, Conseiller de Sa Majest\u00e9 le Roi et Pr\u00e9sident-Fondateur de l\u2019Association Essaouira-Mogador, soulignant que \u00ab\u00a0Bayt Dakira\u00a0\u00bb a \u00ab\u00a0plac\u00e9 M\u00e9moire, Histoire et Droit au c\u0153ur de [&hellip;]<\/p>\n","protected":false},"author":1788,"featured_media":0,"comment_status":"closed","ping_status":"closed","sticky":false,"template":"","format":"standard","meta":{"fifu_image_url":"","fifu_image_alt":"","footnotes":""},"categories":[54,76],"tags":[],"class_list":["post-104756","post","type-post","status-publish","format-standard","hentry","category-maroc","category-regions"],"_links":{"self":[{"href":"https:\/\/linitiative.ca\/International\/wp-json\/wp\/v2\/posts\/104756","targetHints":{"allow":["GET"]}}],"collection":[{"href":"https:\/\/linitiative.ca\/International\/wp-json\/wp\/v2\/posts"}],"about":[{"href":"https:\/\/linitiative.ca\/International\/wp-json\/wp\/v2\/types\/post"}],"author":[{"embeddable":true,"href":"https:\/\/linitiative.ca\/International\/wp-json\/wp\/v2\/users\/1788"}],"replies":[{"embeddable":true,"href":"https:\/\/linitiative.ca\/International\/wp-json\/wp\/v2\/comments?post=104756"}],"version-history":[{"count":0,"href":"https:\/\/linitiative.ca\/International\/wp-json\/wp\/v2\/posts\/104756\/revisions"}],"wp:attachment":[{"href":"https:\/\/linitiative.ca\/International\/wp-json\/wp\/v2\/media?parent=104756"}],"wp:term":[{"taxonomy":"category","embeddable":true,"href":"https:\/\/linitiative.ca\/International\/wp-json\/wp\/v2\/categories?post=104756"},{"taxonomy":"post_tag","embeddable":true,"href":"https:\/\/linitiative.ca\/International\/wp-json\/wp\/v2\/tags?post=104756"}],"curies":[{"name":"wp","href":"https:\/\/api.w.org\/{rel}","templated":true}]}}