{"id":104762,"date":"2020-11-14T16:51:04","date_gmt":"2020-11-14T21:51:04","guid":{"rendered":"https:\/\/linitiative.ca\/International\/un-plan-dintervention-pour-attenuer-les-effets-de-la-vague-de-froid\/"},"modified":"2020-11-14T16:51:04","modified_gmt":"2020-11-14T21:51:04","slug":"un-plan-dintervention-pour-attenuer-les-effets-de-la-vague-de-froid","status":"publish","type":"post","link":"https:\/\/linitiative.ca\/International\/un-plan-dintervention-pour-attenuer-les-effets-de-la-vague-de-froid\/","title":{"rendered":"Un plan d\u2019intervention pour att\u00e9nuer les effets de la vague de froid"},"content":{"rendered":"<p class=\"c4\">Le gouverneur de la province de Figuig, Mohamed Derhem, a pr\u00e9sid\u00e9, mercredi \u00e0 Bouarfa, une r\u00e9union du Comit\u00e9 provincial de vigilance consacr\u00e9e \u00e0 la pr\u00e9sentation du plan d\u2019intervention pour att\u00e9nuer les effets de la vague de froid durant la p\u00e9riode hivernale.<\/p>\n<p class=\"c4\">La r\u00e9union qui s\u2019est d\u00e9roul\u00e9e en pr\u00e9sence de l\u2019ensemble des autorit\u00e9s et des administrations concern\u00e9es, ainsi que des repr\u00e9sentants des conseils \u00e9lus, s\u2019inscrit dans le sillage des pr\u00e9paratifs et mesures proactives prises chaque ann\u00e9e au niveau de la province de Figuig pour faire face aux effets de la vague de froid pendant la saison hivernale, conform\u00e9ment aux Hautes orientations royales.<\/p>\n<p class=\"c4\">Un communiqu\u00e9 de la pr\u00e9fecture de la province de Figuig pr\u00e9cise que ledit plan s\u2019articule autour de plusieurs axes, dont l\u2019identification des zones et douars \u00e0 risque de la vague de froid et le recensement des habitants des douars concern\u00e9s, en particulier les femmes enceintes, les personnes \u00e2g\u00e9es et les enfants en vue de leur protection contre les effets de la vague de froid.<\/p>\n<p class=\"c4\">Le plan pr\u00e9voit aussi la mobilisation des moyens logistiques disponibles relevant aussi bien de la Direction provinciale de l\u2019Equipement, du Transport, de la Logistique et de l\u2019Eau, que des collectivit\u00e9s territoriales ou du priv\u00e9, et ce pour l\u2019intervention en cas de besoin afin d\u2019assurer le d\u00e9neigement, le d\u00e9senclavement des douars et la r\u00e9ouverture des axes routiers.<\/p>\n<p class=\"c4\">Il s\u2019agit aussi, selon le communiqu\u00e9, du suivi de la situation des femmes enceintes, notamment dans les douars touch\u00e9s par la vague de froid et l\u2019organisation de caravanes m\u00e9dicales sp\u00e9cialis\u00e9es au profit des habitants de ces douars, qui b\u00e9n\u00e9ficieront \u00e9galement de la distribution de couvertures et de denr\u00e9es alimentaires.<\/p>\n<p class=\"c4\">La m\u00eame source ajoute que le plan d\u2019intervention comporte aussi une op\u00e9ration de distribution d\u2019orge subventionn\u00e9 aux \u00e9leveurs affect\u00e9s de la province, ainsi que la distribution de tablettes aux \u00e9l\u00e8ves dans les zones cibles.<\/p>\n<p>Auteur: Soufiane ELAHMAR<br \/>\n<a href=\"http:\/\/www.mapoujda.ma\/fr\/un-plan-dintervention-pour-attenuer-les-effets-de-la-vague-de-froid\/\">Cliquez ici pour lire l&rsquo;article depuis sa source.<\/a><\/p>\n","protected":false},"excerpt":{"rendered":"<p>Le gouverneur de la province de Figuig, Mohamed Derhem, a pr\u00e9sid\u00e9, mercredi \u00e0 Bouarfa, une r\u00e9union du Comit\u00e9 provincial de vigilance consacr\u00e9e \u00e0 la pr\u00e9sentation du plan d\u2019intervention pour att\u00e9nuer les effets de la vague de froid durant la p\u00e9riode hivernale. La r\u00e9union qui s\u2019est d\u00e9roul\u00e9e en pr\u00e9sence de l\u2019ensemble des autorit\u00e9s et des administrations [&hellip;]<\/p>\n","protected":false},"author":1788,"featured_media":0,"comment_status":"closed","ping_status":"closed","sticky":false,"template":"","format":"standard","meta":{"fifu_image_url":"","fifu_image_alt":"","footnotes":""},"categories":[54,76],"tags":[],"class_list":["post-104762","post","type-post","status-publish","format-standard","hentry","category-maroc","category-regions"],"_links":{"self":[{"href":"https:\/\/linitiative.ca\/International\/wp-json\/wp\/v2\/posts\/104762","targetHints":{"allow":["GET"]}}],"collection":[{"href":"https:\/\/linitiative.ca\/International\/wp-json\/wp\/v2\/posts"}],"about":[{"href":"https:\/\/linitiative.ca\/International\/wp-json\/wp\/v2\/types\/post"}],"author":[{"embeddable":true,"href":"https:\/\/linitiative.ca\/International\/wp-json\/wp\/v2\/users\/1788"}],"replies":[{"embeddable":true,"href":"https:\/\/linitiative.ca\/International\/wp-json\/wp\/v2\/comments?post=104762"}],"version-history":[{"count":0,"href":"https:\/\/linitiative.ca\/International\/wp-json\/wp\/v2\/posts\/104762\/revisions"}],"wp:attachment":[{"href":"https:\/\/linitiative.ca\/International\/wp-json\/wp\/v2\/media?parent=104762"}],"wp:term":[{"taxonomy":"category","embeddable":true,"href":"https:\/\/linitiative.ca\/International\/wp-json\/wp\/v2\/categories?post=104762"},{"taxonomy":"post_tag","embeddable":true,"href":"https:\/\/linitiative.ca\/International\/wp-json\/wp\/v2\/tags?post=104762"}],"curies":[{"name":"wp","href":"https:\/\/api.w.org\/{rel}","templated":true}]}}