{"id":104777,"date":"2020-11-15T09:13:00","date_gmt":"2020-11-15T14:13:00","guid":{"rendered":"https:\/\/linitiative.ca\/International\/fermeture-du-chu-mustapha-pacha-dalger-le-directeur-de-lhopital-dement\/"},"modified":"2020-11-15T09:13:00","modified_gmt":"2020-11-15T14:13:00","slug":"fermeture-du-chu-mustapha-pacha-dalger-le-directeur-de-lhopital-dement","status":"publish","type":"post","link":"https:\/\/linitiative.ca\/International\/fermeture-du-chu-mustapha-pacha-dalger-le-directeur-de-lhopital-dement\/","title":{"rendered":"FERMETURE DU CHU \u2018\u2019MUSTAPHA PACHA\u2019\u2019 D&rsquo;ALGER  : Le directeur de l\u2019h\u00f4pital d\u00e9ment"},"content":{"rendered":"<p><br id=\"sep_para_1\" class=\"sep_para access\"\/><\/p>\n<div id=\"para_1\" class=\"para_39496699 resize\">\n<div class=\"texte access firstletter\">Le CHU Mustapha Pacha d&rsquo;Alger n&rsquo;a pas ferm\u00e9 ses portes et continue de fonctionner normalement, a assur\u00e9 samedi son directeur g\u00e9n\u00e9ral, Bennana Abdeslam.\u00a0\u00a0 Bennana a d\u00e9menti l\u2019information de fermeture des portes de l&rsquo;h\u00f4pital sous pr\u00e9texte de surcharge, soulignant que \u00ables soins y sont prodigu\u00e9s de fa\u00e7on normale 24h\/24h\u00bb.\u00a0 A titre d&rsquo;exemple, il a indiqu\u00e9 que l\u2019h\u00f4pital avait accueilli, pour la seule journ\u00e9e de samedi, 130 malades suspect\u00e9s d\u2019infection au COVID-19, dont 17 ont \u00e9t\u00e9 hospitalis\u00e9s et les 65 autres se sont vus prescrire un traitement en externe, car pr\u00e9sentant une forme \u00ab\u00a0l\u00e9g\u00e8re\u00a0\u00bb de la maladie.\u00a0 L\u2019\u00e9tablissement a accueilli, en outre, 48 personnes dans le cadre des contr\u00f4les m\u00e9dicaux p\u00e9riodiques, a pr\u00e9cis\u00e9 le m\u00eame responsable, ajoutant que l\u2019h\u00f4pital comptait 300 lits pour les malades atteints de Covid-19 et 90 autres en r\u00e9animation.\u00a0 Concernant les cas admis dans d\u2019autres sp\u00e9cialit\u00e9s, \u00e0 l\u2019instar des cas de cancer urgents, de la m\u00e8re et de l\u2019enfant, et les chirurgies infantile et maxillo-faciale, M. Bennana a affirm\u00e9 que leur \u00ab\u00a0prise en charge est assur\u00e9e de fa\u00e7on normale\u00a0\u00bb.<\/div>\n<\/div>\n<p>Auteur: Nadine<br \/>\n<a href=\"https:\/\/www.reflexiondz.net\/FERMETURE-DU-CHU-MUSTAPHA-PACHA-D-ALGER-Le-directeur-de-l-hopital-dement_a66304.html\">Cliquez ici pour lire l&rsquo;article depuis sa source.<\/a><\/p>\n","protected":false},"excerpt":{"rendered":"<p>Le CHU Mustapha Pacha d&rsquo;Alger n&rsquo;a pas ferm\u00e9 ses portes et continue de fonctionner normalement, a assur\u00e9 samedi son directeur g\u00e9n\u00e9ral, Bennana Abdeslam.\u00a0\u00a0 Bennana a d\u00e9menti l\u2019information de fermeture des portes de l&rsquo;h\u00f4pital sous pr\u00e9texte de surcharge, soulignant que \u00ables soins y sont prodigu\u00e9s de fa\u00e7on normale 24h\/24h\u00bb.\u00a0 A titre d&rsquo;exemple, il a indiqu\u00e9 que [&hellip;]<\/p>\n","protected":false},"author":1740,"featured_media":0,"comment_status":"closed","ping_status":"closed","sticky":false,"template":"","format":"standard","meta":{"fifu_image_url":"","fifu_image_alt":"","footnotes":""},"categories":[53,76],"tags":[],"class_list":["post-104777","post","type-post","status-publish","format-standard","hentry","category-algerie","category-regions"],"_links":{"self":[{"href":"https:\/\/linitiative.ca\/International\/wp-json\/wp\/v2\/posts\/104777","targetHints":{"allow":["GET"]}}],"collection":[{"href":"https:\/\/linitiative.ca\/International\/wp-json\/wp\/v2\/posts"}],"about":[{"href":"https:\/\/linitiative.ca\/International\/wp-json\/wp\/v2\/types\/post"}],"author":[{"embeddable":true,"href":"https:\/\/linitiative.ca\/International\/wp-json\/wp\/v2\/users\/1740"}],"replies":[{"embeddable":true,"href":"https:\/\/linitiative.ca\/International\/wp-json\/wp\/v2\/comments?post=104777"}],"version-history":[{"count":0,"href":"https:\/\/linitiative.ca\/International\/wp-json\/wp\/v2\/posts\/104777\/revisions"}],"wp:attachment":[{"href":"https:\/\/linitiative.ca\/International\/wp-json\/wp\/v2\/media?parent=104777"}],"wp:term":[{"taxonomy":"category","embeddable":true,"href":"https:\/\/linitiative.ca\/International\/wp-json\/wp\/v2\/categories?post=104777"},{"taxonomy":"post_tag","embeddable":true,"href":"https:\/\/linitiative.ca\/International\/wp-json\/wp\/v2\/tags?post=104777"}],"curies":[{"name":"wp","href":"https:\/\/api.w.org\/{rel}","templated":true}]}}