{"id":104779,"date":"2020-11-15T09:13:00","date_gmt":"2020-11-15T14:13:00","guid":{"rendered":"https:\/\/linitiative.ca\/International\/hassi-mameche-lepsp-sensibilise-contre-les-risques-du-diabete\/"},"modified":"2020-11-15T09:13:00","modified_gmt":"2020-11-15T14:13:00","slug":"hassi-mameche-lepsp-sensibilise-contre-les-risques-du-diabete","status":"publish","type":"post","link":"https:\/\/linitiative.ca\/International\/hassi-mameche-lepsp-sensibilise-contre-les-risques-du-diabete\/","title":{"rendered":"HASSI MAMECHE : L\u2019\u2019EPSP sensibilise contre  les risques du diab\u00e8te"},"content":{"rendered":"<p><br id=\"sep_para_1\" class=\"sep_para access\"\/><\/p>\n<div id=\"para_1\" class=\"para_39496640 resize\">\n<div class=\"texte access firstletter\">\u00c0 l\u2019occasion de la journ\u00e9e internationale du diab\u00e8te, co\u00efncidant avec le 14 novembre de chaque ann\u00e9e, une journ\u00e9e de sensibilisation portant sur les facteurs et risques sous le th\u00e8me \u00ab\u00a0 Solidarit\u00e9 sanitaire priorit\u00e9 pour\u00a0 tous \u00bb a \u00e9t\u00e9\u00a0 organis\u00e9e avant-hier \u00e0\u00a0 l\u2019EPSP de Hassi Mameche, en collaboration avec l\u2019association de la maladie du diab\u00e8te et des m\u00e9decins g\u00e9n\u00e9ralistes de la wilaya. L\u2019\u00e9v\u00e8nement a \u00e9t\u00e9 marqu\u00e9 par la pr\u00e9sence de m\u00e9decins sp\u00e9cialistes qui ont anim\u00e9 des espaces de sensibilisation et de d\u00e9pistage du diab\u00e8te pour le grand public au sein des cliniques mobiles ainsi que des sessions de sensibilisation sur l\u2019importance de l\u2019adoption d\u2019une hygi\u00e8ne de vie saine. Ils ont mis \u00e0 la disposition des citoyens gratuitement, des tests pour les glyc\u00e9mies, de triglyc\u00e9rides et de la mesure de la pression art\u00e9rielle. L\u2019objectif, c\u2019est la sensibilisation des citoyens contre les dangers du diab\u00e8te et de l&rsquo;hypertension ainsi que leurs r\u00e9percussions sur la sant\u00e9, a indiqu\u00e9 la directrice de l\u2019\u00e9tablissement. L&rsquo;op\u00e9ration de sensibilisation a \u00e9t\u00e9\u00a0 r\u00e9partie sur 4 espaces m\u00e9dicaux sp\u00e9cialis\u00e9s en mati\u00e8re de diagnostic du diab\u00e8te, de l&rsquo;hypertension et de l&rsquo;ob\u00e9sit\u00e9 outre un espace consacr\u00e9 \u00e0 l&rsquo;alimentation \u00e9quilibr\u00e9e.\u00a0 Les sp\u00e9cialistes\u00a0 ont pr\u00e9conis\u00e9 la r\u00e9duction des sucreries, notamment le fructose, car il augmente le taux de graisse dans le sang..\u00a0\u00a0\u00a0\u00a0\u00a0\u00a0\u00a0\u00a0\u00a0\u00a0<\/div>\n<\/div>\n<p>Auteur: Gana Yacine<br \/>\n<a href=\"https:\/\/www.reflexiondz.net\/HASSI-MAMECHE-L-EPSP-sensibilise-contre-les-risques-du-diabete_a66294.html\">Cliquez ici pour lire l&rsquo;article depuis sa source.<\/a><\/p>\n","protected":false},"excerpt":{"rendered":"<p>\u00c0 l\u2019occasion de la journ\u00e9e internationale du diab\u00e8te, co\u00efncidant avec le 14 novembre de chaque ann\u00e9e, une journ\u00e9e de sensibilisation portant sur les facteurs et risques sous le th\u00e8me \u00ab\u00a0 Solidarit\u00e9 sanitaire priorit\u00e9 pour\u00a0 tous \u00bb a \u00e9t\u00e9\u00a0 organis\u00e9e avant-hier \u00e0\u00a0 l\u2019EPSP de Hassi Mameche, en collaboration avec l\u2019association de la maladie du diab\u00e8te et [&hellip;]<\/p>\n","protected":false},"author":1740,"featured_media":0,"comment_status":"closed","ping_status":"closed","sticky":false,"template":"","format":"standard","meta":{"fifu_image_url":"","fifu_image_alt":"","footnotes":""},"categories":[53,76],"tags":[],"class_list":["post-104779","post","type-post","status-publish","format-standard","hentry","category-algerie","category-regions"],"_links":{"self":[{"href":"https:\/\/linitiative.ca\/International\/wp-json\/wp\/v2\/posts\/104779","targetHints":{"allow":["GET"]}}],"collection":[{"href":"https:\/\/linitiative.ca\/International\/wp-json\/wp\/v2\/posts"}],"about":[{"href":"https:\/\/linitiative.ca\/International\/wp-json\/wp\/v2\/types\/post"}],"author":[{"embeddable":true,"href":"https:\/\/linitiative.ca\/International\/wp-json\/wp\/v2\/users\/1740"}],"replies":[{"embeddable":true,"href":"https:\/\/linitiative.ca\/International\/wp-json\/wp\/v2\/comments?post=104779"}],"version-history":[{"count":0,"href":"https:\/\/linitiative.ca\/International\/wp-json\/wp\/v2\/posts\/104779\/revisions"}],"wp:attachment":[{"href":"https:\/\/linitiative.ca\/International\/wp-json\/wp\/v2\/media?parent=104779"}],"wp:term":[{"taxonomy":"category","embeddable":true,"href":"https:\/\/linitiative.ca\/International\/wp-json\/wp\/v2\/categories?post=104779"},{"taxonomy":"post_tag","embeddable":true,"href":"https:\/\/linitiative.ca\/International\/wp-json\/wp\/v2\/tags?post=104779"}],"curies":[{"name":"wp","href":"https:\/\/api.w.org\/{rel}","templated":true}]}}