{"id":104780,"date":"2020-11-15T09:13:00","date_gmt":"2020-11-15T14:13:00","guid":{"rendered":"https:\/\/linitiative.ca\/International\/mekedra-sidi-bel-abbes-11-personnes-hospitalisees-apres-un-incendie-de-logement\/"},"modified":"2020-11-15T09:13:00","modified_gmt":"2020-11-15T14:13:00","slug":"mekedra-sidi-bel-abbes-11-personnes-hospitalisees-apres-un-incendie-de-logement","status":"publish","type":"post","link":"https:\/\/linitiative.ca\/International\/mekedra-sidi-bel-abbes-11-personnes-hospitalisees-apres-un-incendie-de-logement\/","title":{"rendered":"MEKEDRA (SIDI BEL-ABBES) : 11 personnes hospitalis\u00e9es  apr\u00e8s un incendie de logement"},"content":{"rendered":"<p><br id=\"sep_para_1\" class=\"sep_para access\"\/><\/p>\n<div id=\"para_1\" class=\"para_39496602 resize\">\n<div class=\"texte access firstletter\">Les \u00e9l\u00e9ments de la protection civile d&rsquo;Ain Berd , sont intervenus,\u00a0 hier\u00a0 dimanche 15 novembre 2020, suite \u00e0 un incendie dans un logement d&rsquo;un immeuble de la cit\u00e9 des 30 logements \u00e0 Mekedra,35 km au nord de Sidi Bel Abb\u00e8s, apprend-on d&rsquo;un communiqu\u00e9 de la cellule d&rsquo;information et des relations publiques. \u00c9quip\u00e9s d&rsquo;un dispositif impressionnant, les soldats du feu sont parvenus \u00e0 circonscrire le feu \u00e0 l&rsquo;issue d&rsquo;efforts colossaux, selon le communiqu\u00e9.11 personnes dont la moyenne d&rsquo;\u00e2ge varie entre 10 et 40 ans, souffrant de difficult\u00e9s respiratoires, apr\u00e8s inhalation de fum\u00e9e,\u00a0 ont \u00e9t\u00e9 sauv\u00e9es des flammes puis \u00e9vacu\u00e9es en urgence vers la polyclinique d&rsquo;Ain El Berd, en vue de b\u00e9n\u00e9ficier des premiers soins n\u00e9cessaires. Leurs jours seraient hors du danger, conclut notre source.<\/div>\n<\/div>\n<p>Auteur: Moussa Noui<br \/>\n<a href=\"https:\/\/www.reflexiondz.net\/MEKEDRA-SIDI-BEL-ABBES-11-personnes-hospitalisees-apres-un-incendie-de-logement_a66290.html\">Cliquez ici pour lire l&rsquo;article depuis sa source.<\/a><\/p>\n","protected":false},"excerpt":{"rendered":"<p>Les \u00e9l\u00e9ments de la protection civile d&rsquo;Ain Berd , sont intervenus,\u00a0 hier\u00a0 dimanche 15 novembre 2020, suite \u00e0 un incendie dans un logement d&rsquo;un immeuble de la cit\u00e9 des 30 logements \u00e0 Mekedra,35 km au nord de Sidi Bel Abb\u00e8s, apprend-on d&rsquo;un communiqu\u00e9 de la cellule d&rsquo;information et des relations publiques. \u00c9quip\u00e9s d&rsquo;un dispositif impressionnant, [&hellip;]<\/p>\n","protected":false},"author":1740,"featured_media":0,"comment_status":"closed","ping_status":"closed","sticky":false,"template":"","format":"standard","meta":{"fifu_image_url":"","fifu_image_alt":"","footnotes":""},"categories":[53,76],"tags":[],"class_list":["post-104780","post","type-post","status-publish","format-standard","hentry","category-algerie","category-regions"],"_links":{"self":[{"href":"https:\/\/linitiative.ca\/International\/wp-json\/wp\/v2\/posts\/104780","targetHints":{"allow":["GET"]}}],"collection":[{"href":"https:\/\/linitiative.ca\/International\/wp-json\/wp\/v2\/posts"}],"about":[{"href":"https:\/\/linitiative.ca\/International\/wp-json\/wp\/v2\/types\/post"}],"author":[{"embeddable":true,"href":"https:\/\/linitiative.ca\/International\/wp-json\/wp\/v2\/users\/1740"}],"replies":[{"embeddable":true,"href":"https:\/\/linitiative.ca\/International\/wp-json\/wp\/v2\/comments?post=104780"}],"version-history":[{"count":0,"href":"https:\/\/linitiative.ca\/International\/wp-json\/wp\/v2\/posts\/104780\/revisions"}],"wp:attachment":[{"href":"https:\/\/linitiative.ca\/International\/wp-json\/wp\/v2\/media?parent=104780"}],"wp:term":[{"taxonomy":"category","embeddable":true,"href":"https:\/\/linitiative.ca\/International\/wp-json\/wp\/v2\/categories?post=104780"},{"taxonomy":"post_tag","embeddable":true,"href":"https:\/\/linitiative.ca\/International\/wp-json\/wp\/v2\/tags?post=104780"}],"curies":[{"name":"wp","href":"https:\/\/api.w.org\/{rel}","templated":true}]}}