{"id":104781,"date":"2020-11-15T09:13:00","date_gmt":"2020-11-15T14:13:00","guid":{"rendered":"https:\/\/linitiative.ca\/International\/cour-dalger-report-du-proces-ould-abbes-et-barkat-au-29-novembre\/"},"modified":"2020-11-15T09:13:00","modified_gmt":"2020-11-15T14:13:00","slug":"cour-dalger-report-du-proces-ould-abbes-et-barkat-au-29-novembre","status":"publish","type":"post","link":"https:\/\/linitiative.ca\/International\/cour-dalger-report-du-proces-ould-abbes-et-barkat-au-29-novembre\/","title":{"rendered":"COUR D&rsquo;ALGER : Report du proc\u00e8s Ould Abbes et Barkat au 29 novembre"},"content":{"rendered":"<p><br id=\"sep_para_1\" class=\"sep_para access\"\/><\/p>\n<div id=\"para_1\" class=\"para_39496686 resize\">\n<div class=\"texte access firstletter\">La Cour d&rsquo;Alger a report\u00e9 dimanche le proc\u00e8s en appel de l&rsquo;affaire des deux anciens ministres de la solidarit\u00e9, Djamel Ould Abbes et Said Barkat au 29 novembre en cours.\u00a0\u00a0\u00a0 La d\u00e9cision du report du proc\u00e8s des deux ministres poursuivis pour d\u00e9tournement, dilapidation de deniers publics, conclusion de march\u00e9s en violation de la l\u00e9gislation et abus de fonction intervient \u00e0 la demande de la d\u00e9fense des accus\u00e9s. Pour rappel, le Tribunal de Sidi M&rsquo;hamed avait condamn\u00e9 Djamel Ould Abb\u00e8s et Said Barkat \u00e0 des peines respectives de 8 ans et 4 ans de prison ferme avec une amende d&rsquo;un million de DA chacun. Egalement impliqu\u00e9s dans cette affaire, l&rsquo;ancien Secr\u00e9taire g\u00e9n\u00e9ral du minist\u00e8re de la Solidarit\u00e9 nationale, Bouchenak Khelladi, condamn\u00e9 \u00e0 une peine de 3 ans de prison ferme, assortie d&rsquo;une amende d&rsquo;un million de DA et l&rsquo;ancien chef du protocole, Djellouli Said condamn\u00e9 \u00e0 2 ans de prison ferme dont une ann\u00e9e avec sursis et une amende d&rsquo;un million de DA, et l&rsquo;autre ancien secr\u00e9taire g\u00e9n\u00e9ral du m\u00eame minist\u00e8re, Ismail Benhabiles condamn\u00e9 \u00e0 une ann\u00e9e de prison ferme et une amende de 500.000 DA. Le fils de Djamel Ould Abb\u00e8s, El Ouafi (en fuite \u00e0 l&rsquo;\u00e9tranger), a \u00e9t\u00e9 condamn\u00e9 \u00e0 10 ans de prison ferme, assortis d&rsquo;une amende d&rsquo;un million de DA avec \u00e9mission d&rsquo;un mandat d&rsquo;arr\u00eat international \u00e0 son encontre.<\/div>\n<\/div>\n<p>Auteur: Nadine<br \/>\n<a href=\"https:\/\/www.reflexiondz.net\/COUR-D-ALGER-Report-du-proces-Ould-Abbes-et-Barkat-au-29-novembre_a66301.html\">Cliquez ici pour lire l&rsquo;article depuis sa source.<\/a><\/p>\n","protected":false},"excerpt":{"rendered":"<p>La Cour d&rsquo;Alger a report\u00e9 dimanche le proc\u00e8s en appel de l&rsquo;affaire des deux anciens ministres de la solidarit\u00e9, Djamel Ould Abbes et Said Barkat au 29 novembre en cours.\u00a0\u00a0\u00a0 La d\u00e9cision du report du proc\u00e8s des deux ministres poursuivis pour d\u00e9tournement, dilapidation de deniers publics, conclusion de march\u00e9s en violation de la l\u00e9gislation et [&hellip;]<\/p>\n","protected":false},"author":1740,"featured_media":0,"comment_status":"closed","ping_status":"closed","sticky":false,"template":"","format":"standard","meta":{"fifu_image_url":"","fifu_image_alt":"","footnotes":""},"categories":[53,76],"tags":[],"class_list":["post-104781","post","type-post","status-publish","format-standard","hentry","category-algerie","category-regions"],"_links":{"self":[{"href":"https:\/\/linitiative.ca\/International\/wp-json\/wp\/v2\/posts\/104781","targetHints":{"allow":["GET"]}}],"collection":[{"href":"https:\/\/linitiative.ca\/International\/wp-json\/wp\/v2\/posts"}],"about":[{"href":"https:\/\/linitiative.ca\/International\/wp-json\/wp\/v2\/types\/post"}],"author":[{"embeddable":true,"href":"https:\/\/linitiative.ca\/International\/wp-json\/wp\/v2\/users\/1740"}],"replies":[{"embeddable":true,"href":"https:\/\/linitiative.ca\/International\/wp-json\/wp\/v2\/comments?post=104781"}],"version-history":[{"count":0,"href":"https:\/\/linitiative.ca\/International\/wp-json\/wp\/v2\/posts\/104781\/revisions"}],"wp:attachment":[{"href":"https:\/\/linitiative.ca\/International\/wp-json\/wp\/v2\/media?parent=104781"}],"wp:term":[{"taxonomy":"category","embeddable":true,"href":"https:\/\/linitiative.ca\/International\/wp-json\/wp\/v2\/categories?post=104781"},{"taxonomy":"post_tag","embeddable":true,"href":"https:\/\/linitiative.ca\/International\/wp-json\/wp\/v2\/tags?post=104781"}],"curies":[{"name":"wp","href":"https:\/\/api.w.org\/{rel}","templated":true}]}}