{"id":104786,"date":"2020-11-15T09:54:00","date_gmt":"2020-11-15T14:54:00","guid":{"rendered":"https:\/\/linitiative.ca\/International\/previsions-climatiques-hiver-2020-2021-et-printemps-2021\/"},"modified":"2020-11-15T09:54:00","modified_gmt":"2020-11-15T14:54:00","slug":"previsions-climatiques-hiver-2020-2021-et-printemps-2021","status":"publish","type":"post","link":"https:\/\/linitiative.ca\/International\/previsions-climatiques-hiver-2020-2021-et-printemps-2021\/","title":{"rendered":"Pr\u00e9visions climatiques : Hiver 2020\/2021 et Printemps 2021"},"content":{"rendered":"<p><span class=\"c3\"><span class=\"c2\"><em><strong><img decoding=\"async\" src=\"\/uploads\/FCK_files\/Moncef-Rajhi(2).jpg\" alt=\"\" width=\"15%\" vspace=\"5\" hspace=\"5\" align=\"left\"\/>Par Moncef Rajhi &#8211;<\/strong><\/em><\/span><\/span> Le Centre Copernicus \u00e9tabli par l\u2019Union Europ\u00e9enne pour suivre l\u2019\u00e9volution du climat et les changements climatiques sur l\u2019Europe au profit de l\u2019UE publie la mise \u00e0 jour mensuelle de ses pr\u00e9visions climatiques du mois de Novembre 2020. Lesquelles Pr\u00e9visions saisonni\u00e8res \u00e0 long terme concernent des anomalies de temp\u00e9rature et de pr\u00e9cipitations qui devraient pr\u00e9valoir sur les r\u00e9gions europ\u00e9ennes et m\u00e9diterran\u00e9ennes au cours des 7 prochains mois \u00e0 partir du mois Novembre 2020.<\/p>\n<p>Les cartes \u00e9labor\u00e9es, en collaboration avec le Centre Europ\u00e9en des pr\u00e9visions m\u00e9t\u00e9orologiques \u00e0 moyen terme (ECMWF), mettent en \u00e9vidence les zones qui devraient \u00eatre plus froides \/ plus chaudes et plus s\u00e8ches \/ plus humides (que la normale) en Europe et dans les pays m\u00e9diterran\u00e9ens (fig 1).\u00a0<\/p>\n<p class=\"c4\"><img decoding=\"async\" src=\"\/uploads\/FCK_files\/Sans-titre-2(60).jpg\" width=\"100%\" vspace=\"5\" hspace=\"5\" align=\"middle\" alt=\"\"\/><\/p>\n<p class=\"c4\"><strong>(fig 1).<\/strong><\/p>\n<p>L\u2019analyse des cartes des anomalies, sorties des mod\u00e8les num\u00e9riques, a permis de\u00a0 prospecter les traits saillants du climat qui devrait int\u00e9resser la Tunisie du mois de Novembre 2020, l\u2019hiver 2020\/2021 et les mois Mars et Avril 2021(tableau suivant) :<\/p>\n<table width=\"100%\" cellspacing=\"0\" cellpadding=\"0\" border=\"1\" align=\"left\">\n<tbody readability=\"19\">\n<tr readability=\"6\">\n<td width=\"131\" valign=\"top\">\n<p class=\"c5\"><span class=\"c2\"><strong>Mois<\/strong><\/span><\/p>\n<\/td>\n<td width=\"308\" valign=\"top\" readability=\"5\">\n<p class=\"c5\"><strong><span class=\"c2\">Anomalies<br \/>Temp\u00e9rature\/Moyenne<\/span><\/strong><\/p>\n<\/td>\n<td width=\"277\" valign=\"top\" readability=\"5\">\n<p class=\"c5\"><span class=\"c2\"><strong>Anomalies<br \/>Pr\u00e9cipitations\/Moyenne<\/strong><\/span><\/p>\n<\/td>\n<\/tr>\n<tr readability=\"7.5\">\n<td width=\"131\" valign=\"top\">\n<p class=\"c6\"><strong>Novembre2020<\/strong><\/p>\n<\/td>\n<td width=\"308\" valign=\"top\" readability=\"6\">\n<p>Plus chaud que la normale d\u2019au moins \u00a00.5 \u00b0C, atteignant\u00a0 1.5\u00b0C\u00a0 Sur le Nord Ouest\u00a0<\/p>\n<\/td>\n<td width=\"277\" valign=\"top\" readability=\"5\">\n<p>\u00a0D\u00e9ficit de pluie allant de 5 mm \u00e0 20mm<\/p>\n<\/td>\n<\/tr>\n<tr readability=\"9\">\n<td width=\"131\" valign=\"top\">\n<p class=\"c6\"><strong>D\u00e9cembre2020<\/strong><\/p>\n<\/td>\n<td width=\"308\" valign=\"top\" readability=\"7\">\n<p>Plus chaud que la Normale dans de 0.5 \u00e0 1\u00b0C les r\u00e9gions de Kairouan, Sliana<br \/>Normale sur le reste du pays<\/p>\n<\/td>\n<td width=\"277\" valign=\"top\" readability=\"5\">\n<p>Pluies proches de la Normale avec prob. de 50%<\/p>\n<\/td>\n<\/tr>\n<tr readability=\"12\">\n<td width=\"131\" valign=\"top\">\n<p class=\"c6\"><strong>Janvier2021<\/strong><\/p>\n<\/td>\n<td width=\"308\" valign=\"top\" readability=\"6\">\n<p>Normale sur le Sud,\u00a0 Plus \u00e9lev\u00e9e de 1\u00b0C sur le reste du pays<\/p>\n<\/td>\n<td width=\"277\" valign=\"top\" readability=\"8\">\n<p>Pluies l\u00e9g\u00e8rement sup\u00e9rieures \u00e0 la Normale sur le Sahel, le Centre,<br \/>Normale \u00e0 l\u00e9g\u00e8rement d\u00e9ficitaire sur le reste du pays\u00a0<\/p>\n<\/td>\n<\/tr>\n<tr readability=\"7.5\">\n<td width=\"131\" valign=\"top\">\n<p class=\"c6\"><strong>F\u00e9vrier 2021<\/strong><\/p>\n<\/td>\n<td width=\"308\" valign=\"top\" readability=\"5\">\n<p>L\u00e9g\u00e8rement plus chaude que la Normale.<\/p>\n<\/td>\n<td width=\"277\" valign=\"top\" readability=\"6\">\n<p>L\u00e9g\u00e8rement d\u00e9ficitaire sur l\u2019extr\u00eame Nord,<br \/>Normale avec une prob de 50% sur le reste du pays<\/p>\n<\/td>\n<\/tr>\n<tr readability=\"7.5\">\n<td width=\"131\" valign=\"top\">\n<p><strong>Mars 2021<\/strong><\/p>\n<\/td>\n<td width=\"308\" valign=\"top\" readability=\"5\">\n<p>L\u00e9g\u00e8rement plus chaude que la Normale.<\/p>\n<\/td>\n<td width=\"277\" valign=\"top\" readability=\"6\">\n<p>L\u00e9g\u00e8rement plus humide que la Normale sur le Sahel.<br \/>Normale avec une prob. De 50% sur le reste du pays<\/p>\n<\/td>\n<\/tr>\n<tr readability=\"7.5\">\n<td width=\"131\" valign=\"top\">\n<p><strong>Avril 2021<\/strong><\/p>\n<\/td>\n<td width=\"308\" valign=\"top\" readability=\"5\">\n<p>\u00a0L\u00e9g\u00e8rement plus chaude que la Normale<\/p>\n<\/td>\n<td width=\"277\" valign=\"top\" readability=\"6\">\n<p>Pluies sup\u00e9rieures \u00e0 la Normale sur les r\u00e9gions\u00a0: Nord, Sahel et Centre Ouest<\/p>\n<\/td>\n<\/tr>\n<\/tbody>\n<\/table>\n<p><span class=\"c2\"><strong>Pr\u00e9cision :<\/strong><\/span> \u00ab La pr\u00e9vision saisonni\u00e8re n&rsquo;est pas une pr\u00e9vision m\u00e9t\u00e9orologique: la m\u00e9t\u00e9o peut \u00eatre consid\u00e9r\u00e9e comme un instantan\u00e9 des conditions atmosph\u00e9riques en constante \u00e9volution, alors que le climat est mieux consid\u00e9r\u00e9 comme le r\u00e9sum\u00e9 statistique des \u00e9v\u00e9nements m\u00e9t\u00e9orologiques survenant au cours d&rsquo;une saison donn\u00e9e. \u00bb<\/p>\n<p class=\"c7\"><strong>Moncef Rajhi<\/strong><br \/><span class=\"c3\"><em>Ing. G\u00e9n\u00e9r.Met\/Clim\/Expt<\/em><\/span><\/p>\n<p>Auteur:<br \/>\n<a href=\"https:\/\/www.leaders.com.tn\/article\/30934-previsions-climatiques-hiver-2020-2021-et-printemps-2021\">Cliquez ici pour lire l&rsquo;article depuis sa source.<\/a><\/p>\n","protected":false},"excerpt":{"rendered":"<p>Par Moncef Rajhi &#8211; Le Centre Copernicus \u00e9tabli par l\u2019Union Europ\u00e9enne pour suivre l\u2019\u00e9volution du climat et les changements climatiques sur l\u2019Europe au profit de l\u2019UE publie la mise \u00e0 jour mensuelle de ses pr\u00e9visions climatiques du mois de Novembre 2020. Lesquelles Pr\u00e9visions saisonni\u00e8res \u00e0 long terme concernent des anomalies de temp\u00e9rature et de pr\u00e9cipitations [&hellip;]<\/p>\n","protected":false},"author":1772,"featured_media":104787,"comment_status":"closed","ping_status":"closed","sticky":false,"template":"","format":"standard","meta":{"fifu_image_url":"","fifu_image_alt":"","footnotes":""},"categories":[73,55],"tags":[],"class_list":["post-104786","post","type-post","status-publish","format-standard","has-post-thumbnail","hentry","category-actualite","category-tunisie"],"_links":{"self":[{"href":"https:\/\/linitiative.ca\/International\/wp-json\/wp\/v2\/posts\/104786","targetHints":{"allow":["GET"]}}],"collection":[{"href":"https:\/\/linitiative.ca\/International\/wp-json\/wp\/v2\/posts"}],"about":[{"href":"https:\/\/linitiative.ca\/International\/wp-json\/wp\/v2\/types\/post"}],"author":[{"embeddable":true,"href":"https:\/\/linitiative.ca\/International\/wp-json\/wp\/v2\/users\/1772"}],"replies":[{"embeddable":true,"href":"https:\/\/linitiative.ca\/International\/wp-json\/wp\/v2\/comments?post=104786"}],"version-history":[{"count":0,"href":"https:\/\/linitiative.ca\/International\/wp-json\/wp\/v2\/posts\/104786\/revisions"}],"wp:featuredmedia":[{"embeddable":true,"href":"https:\/\/linitiative.ca\/International\/wp-json\/"}],"wp:attachment":[{"href":"https:\/\/linitiative.ca\/International\/wp-json\/wp\/v2\/media?parent=104786"}],"wp:term":[{"taxonomy":"category","embeddable":true,"href":"https:\/\/linitiative.ca\/International\/wp-json\/wp\/v2\/categories?post=104786"},{"taxonomy":"post_tag","embeddable":true,"href":"https:\/\/linitiative.ca\/International\/wp-json\/wp\/v2\/tags?post=104786"}],"curies":[{"name":"wp","href":"https:\/\/api.w.org\/{rel}","templated":true}]}}