{"id":104790,"date":"2020-11-15T05:00:00","date_gmt":"2020-11-15T10:00:00","guid":{"rendered":"https:\/\/linitiative.ca\/International\/des-gerants-de-fast-foods-demandent-un-allegement-a-oran\/"},"modified":"2020-11-15T05:00:00","modified_gmt":"2020-11-15T10:00:00","slug":"des-gerants-de-fast-foods-demandent-un-allegement-a-oran","status":"publish","type":"post","link":"https:\/\/linitiative.ca\/International\/des-gerants-de-fast-foods-demandent-un-allegement-a-oran\/","title":{"rendered":"Des g\u00e9rants de fast-foods demandent un all\u00e8gement \u00e0 Oran"},"content":{"rendered":"<p>Les derni\u00e8res mesures pr\u00e9ventives pour stopper la propagation du Covid-19, prises par les autorit\u00e9s et appliqu\u00e9es depuis cette fin de semaine, n\u2019ont pas laiss\u00e9 indiff\u00e9rents certains commer\u00e7ants.<br \/>Ce sont surtout les g\u00e9rants des fast-foods et autres restaurants qui, via des messages adress\u00e9s aux autorit\u00e9s locales sur les r\u00e9seaux sociaux, ont demand\u00e9 un all\u00e8gement des mesures sanitaires, notamment concernant le couvre-feu \u00e0 partir de 20h.<br \/>Ils soulignent que leurs activit\u00e9s et chiffres d\u2019affaires se font surtout \u00e0 partir de cette heure. Conscients de la situation, ils proposent de pouvoir rester ouverts et faire de la vente de repas \u00e0 emporter en respectant les gestes barri\u00e8res.<br \/>Force est de constater que le secteur le plus difficile \u00e0 ma\u00eetriser en mati\u00e8re de respect des consignes sanitaires est bel et bien celui des transports en commun.<br \/>Il a fallu multiplier les contr\u00f4les policiers cette semaine pour imposer le port du masque aux voyageurs, ainsi qu\u2019aux chauffeurs et aux receveurs.<br \/>\u00c0 ce titre et du 5 au 10 novembre, la S\u00fbret\u00e9 de wilaya a enregistr\u00e9 97 infractions pour non-port de la bavette.<br \/>Fay\u00e7al M.<\/p>\n<p>Auteur:<br \/>\n<a href=\"https:\/\/www.lesoirdalgerie.com\/regions\/des-gerants-de-fast-foods-demandent-un-allegement-a-oran-51460\">Cliquez ici pour lire l&rsquo;article depuis sa source.<\/a><\/p>\n","protected":false},"excerpt":{"rendered":"<p>Les derni\u00e8res mesures pr\u00e9ventives pour stopper la propagation du Covid-19, prises par les autorit\u00e9s et appliqu\u00e9es depuis cette fin de semaine, n\u2019ont pas laiss\u00e9 indiff\u00e9rents certains commer\u00e7ants.Ce sont surtout les g\u00e9rants des fast-foods et autres restaurants qui, via des messages adress\u00e9s aux autorit\u00e9s locales sur les r\u00e9seaux sociaux, ont demand\u00e9 un all\u00e8gement des mesures sanitaires, [&hellip;]<\/p>\n","protected":false},"author":1741,"featured_media":0,"comment_status":"closed","ping_status":"closed","sticky":false,"template":"","format":"standard","meta":{"fifu_image_url":"","fifu_image_alt":"","footnotes":""},"categories":[73,53],"tags":[],"class_list":["post-104790","post","type-post","status-publish","format-standard","hentry","category-actualite","category-algerie"],"_links":{"self":[{"href":"https:\/\/linitiative.ca\/International\/wp-json\/wp\/v2\/posts\/104790","targetHints":{"allow":["GET"]}}],"collection":[{"href":"https:\/\/linitiative.ca\/International\/wp-json\/wp\/v2\/posts"}],"about":[{"href":"https:\/\/linitiative.ca\/International\/wp-json\/wp\/v2\/types\/post"}],"author":[{"embeddable":true,"href":"https:\/\/linitiative.ca\/International\/wp-json\/wp\/v2\/users\/1741"}],"replies":[{"embeddable":true,"href":"https:\/\/linitiative.ca\/International\/wp-json\/wp\/v2\/comments?post=104790"}],"version-history":[{"count":0,"href":"https:\/\/linitiative.ca\/International\/wp-json\/wp\/v2\/posts\/104790\/revisions"}],"wp:attachment":[{"href":"https:\/\/linitiative.ca\/International\/wp-json\/wp\/v2\/media?parent=104790"}],"wp:term":[{"taxonomy":"category","embeddable":true,"href":"https:\/\/linitiative.ca\/International\/wp-json\/wp\/v2\/categories?post=104790"},{"taxonomy":"post_tag","embeddable":true,"href":"https:\/\/linitiative.ca\/International\/wp-json\/wp\/v2\/tags?post=104790"}],"curies":[{"name":"wp","href":"https:\/\/api.w.org\/{rel}","templated":true}]}}