{"id":104791,"date":"2020-11-15T05:00:00","date_gmt":"2020-11-15T10:00:00","guid":{"rendered":"https:\/\/linitiative.ca\/International\/retrait-de-permis-des-chauffeurs-des-corteges-nuptiaux\/"},"modified":"2020-11-15T05:00:00","modified_gmt":"2020-11-15T10:00:00","slug":"retrait-de-permis-des-chauffeurs-des-corteges-nuptiaux","status":"publish","type":"post","link":"https:\/\/linitiative.ca\/International\/retrait-de-permis-des-chauffeurs-des-corteges-nuptiaux\/","title":{"rendered":"Retrait de permis des chauffeurs des cort\u00e8ges nuptiaux"},"content":{"rendered":"<p>Pour r\u00e9duire la propagation du Covid-19 \u00e0 Blida, dont le nombre des nouveaux cas est toujours en hausse ces jours-ci, il a \u00e9t\u00e9 d\u00e9cid\u00e9 de verbaliser les contrevenants notamment les chauffeurs des cort\u00e8ges nuptiaux qui ont repris de plus belle ces derniers temps.<br \/>\u00ab Ce ne sera pas la mise en fourri\u00e8re des v\u00e9hicules mais carr\u00e9ment le retrait de permis de conduire pour une dur\u00e9e ind\u00e9termin\u00e9e aux conducteurs qui braveront cette d\u00e9cision \u00bb, dira le wali de Blida qui ajoutera que les contrevenants ne pourront r\u00e9cup\u00e9rer leur permis qu\u2019une fois que la situation sanitaire aura connu une am\u00e9lioration. Dans le m\u00eame ordre d\u2019id\u00e9es, le premier responsable de l\u2019ex\u00e9cutif d\u00e9plore le nouveau ph\u00e9nom\u00e8ne apparu r\u00e9cemment, \u00e0 savoir la location de villas spacieuses pour l\u2019organisation des c\u00e9l\u00e9brations de mariage, et ce, pour contourner la fermeture des salles. Il affirmera que ces familles sont \u00ab sous la loupe \u00bb et pourraient encourir des contraventions.<br \/>Il est \u00e0 noter que la situation \u00e9pid\u00e9miologique est alarmante \u00e0 Blida o\u00f9 tous les h\u00f4pitaux sont arriv\u00e9s \u00e0 saturation. Vendredi dernier, 42 nouveaux cas y ont \u00e9t\u00e9 enregistr\u00e9s et trois jours auparavant, ce nombre avait d\u00e9pass\u00e9 la barre des 120. Il y a un peu plus de 10 jours, plusieurs personnes d\u2019une m\u00eame famille avaient contract\u00e9 le coronavirus apr\u00e8s avoir assist\u00e9 \u00e0 une f\u00eate de mariage \u00e0 Blida dont certains ont \u00e9t\u00e9 jusqu\u2019\u00e0 \u00eatre admis au service de r\u00e9animation de l\u2019h\u00f4pital Frantz-Fanon.<br \/>C\u2019est dire que les rassemblements familiaux sont dangereux aujourd\u2019hui d\u2019autant que cette nouvelle vague de Covid-19 est tr\u00e8s virulente sur le plan de la contagiosit\u00e9, alertent les sp\u00e9cialistes.<br \/>M. B.<\/p>\n<p>Auteur:<br \/>\n<a href=\"https:\/\/www.lesoirdalgerie.com\/regions\/retrait-de-permis-des-chauffeurs-des-corteges-nuptiaux-51459\">Cliquez ici pour lire l&rsquo;article depuis sa source.<\/a><\/p>\n","protected":false},"excerpt":{"rendered":"<p>Pour r\u00e9duire la propagation du Covid-19 \u00e0 Blida, dont le nombre des nouveaux cas est toujours en hausse ces jours-ci, il a \u00e9t\u00e9 d\u00e9cid\u00e9 de verbaliser les contrevenants notamment les chauffeurs des cort\u00e8ges nuptiaux qui ont repris de plus belle ces derniers temps.\u00ab Ce ne sera pas la mise en fourri\u00e8re des v\u00e9hicules mais carr\u00e9ment [&hellip;]<\/p>\n","protected":false},"author":1741,"featured_media":0,"comment_status":"closed","ping_status":"closed","sticky":false,"template":"","format":"standard","meta":{"fifu_image_url":"","fifu_image_alt":"","footnotes":""},"categories":[73,53],"tags":[],"class_list":["post-104791","post","type-post","status-publish","format-standard","hentry","category-actualite","category-algerie"],"_links":{"self":[{"href":"https:\/\/linitiative.ca\/International\/wp-json\/wp\/v2\/posts\/104791","targetHints":{"allow":["GET"]}}],"collection":[{"href":"https:\/\/linitiative.ca\/International\/wp-json\/wp\/v2\/posts"}],"about":[{"href":"https:\/\/linitiative.ca\/International\/wp-json\/wp\/v2\/types\/post"}],"author":[{"embeddable":true,"href":"https:\/\/linitiative.ca\/International\/wp-json\/wp\/v2\/users\/1741"}],"replies":[{"embeddable":true,"href":"https:\/\/linitiative.ca\/International\/wp-json\/wp\/v2\/comments?post=104791"}],"version-history":[{"count":0,"href":"https:\/\/linitiative.ca\/International\/wp-json\/wp\/v2\/posts\/104791\/revisions"}],"wp:attachment":[{"href":"https:\/\/linitiative.ca\/International\/wp-json\/wp\/v2\/media?parent=104791"}],"wp:term":[{"taxonomy":"category","embeddable":true,"href":"https:\/\/linitiative.ca\/International\/wp-json\/wp\/v2\/categories?post=104791"},{"taxonomy":"post_tag","embeddable":true,"href":"https:\/\/linitiative.ca\/International\/wp-json\/wp\/v2\/tags?post=104791"}],"curies":[{"name":"wp","href":"https:\/\/api.w.org\/{rel}","templated":true}]}}