{"id":104795,"date":"2020-11-15T07:36:26","date_gmt":"2020-11-15T12:36:26","guid":{"rendered":"https:\/\/linitiative.ca\/International\/pres-dun-deces-sur-cinq-dus-a-la-covid-19-en-afrique-est-lie-au-diabete-oms\/"},"modified":"2020-11-15T07:36:26","modified_gmt":"2020-11-15T12:36:26","slug":"pres-dun-deces-sur-cinq-dus-a-la-covid-19-en-afrique-est-lie-au-diabete-oms","status":"publish","type":"post","link":"https:\/\/linitiative.ca\/International\/pres-dun-deces-sur-cinq-dus-a-la-covid-19-en-afrique-est-lie-au-diabete-oms\/","title":{"rendered":"Pr\u00e8s d\u2019un d\u00e9c\u00e8s sur cinq dus \u00e0 la Covid-19 en Afrique est li\u00e9 au diab\u00e8te [OMS]"},"content":{"rendered":"<p><strong>Les personnes atteintes de diab\u00e8te sont tr\u00e8s vuln\u00e9rables aux cons\u00e9quences aigu\u00ebs du nouveau coronavirus. Selon l\u2019Organisation mondiale de la sant\u00e9 (OMS), 18,3 % des d\u00e9c\u00e8s dus \u00e0 la Covid-19 dans la r\u00e9gion africaine sont li\u00e9s au diab\u00e8te.<\/strong><\/p>\n<div class=\"c10\"\/>\n<p>L\u2019Organisation mondiale de la sant\u00e9 (OMS) estime que 18,3 % des d\u00e9c\u00e8s dus \u00e0 la Covid-19 dans la r\u00e9gion africaine sont li\u00e9s au diab\u00e8te, l\u2019une des conditions qui, d\u2019apr\u00e8s des \u00e9tudes mondiales, augmentent le risque de forme s\u00e9v\u00e8re de la maladie et de d\u00e9c\u00e8s parmi les patients infect\u00e9s par le virus, selon l\u2019institution sp\u00e9cialis\u00e9e de l\u2019ONU dans un communiqu\u00e9 publi\u00e9 sur son site. L\u2019analyse par l\u2019OMS de 14 pays africains, qui ont fourni des informations sur la Covid-19 et les comorbidit\u00e9s, a montr\u00e9 que le risque de complications ou de d\u00e9c\u00e8s du coronavirus parmi les gens diab\u00e9tiques augmente avec l\u2019\u00e2ge, sachant que les personnes de plus de soixante ans sont les plus \u00e0 risque, pr\u00e9cise l\u2019OMS.\u00a0\u00a0<\/p>\n<p><strong>Lire aussi|<a href=\"https:\/\/www.challenge.ma\/mahjoub-aherdane-tire-sa-reverence-165253\/\">Mahjoub Aherdane tire sa r\u00e9v\u00e9rence<\/a><\/strong><\/p>\n<p>Au cours des trois derni\u00e8res d\u00e9cennies, l\u2019occurrence du diab\u00e8te de type 2 a augment\u00e9 drastiquement dans tous les pays du monde. Dans la r\u00e9gion africaine, le nombre de cas a \u00e9t\u00e9 multipli\u00e9 par six, passant de 4 millions de cas en 1980 \u00e0 25 millions en 2014, pr\u00e9cise l\u2019OMS.\u00a0 Avec environ 60 % des personnes vivant avec un diab\u00e8te non diagnostiqu\u00e9, la r\u00e9gion africaine pr\u00e9sente la plus forte proportion de personnes ignorant leur condition.<\/p>\n<p>A noter que le Centres africain de contr\u00f4le et de pr\u00e9vention des maladies (CDC Afrique) a annonc\u00e9 hier samedi 14 novembre que le nombre de cas confirm\u00e9s de Covid-19 sur le continent africain est mont\u00e9 \u00e0 1.948.833. L\u2019agence continentale de contr\u00f4le et de pr\u00e9vention des maladies a d\u00e9clar\u00e9 dans un communiqu\u00e9 que le bilan des morts li\u00e9 \u00e0 la pand\u00e9mie s\u2019\u00e9levait \u00e0 46.836.\u00a0 Un total de 1.646.823 personnes qui avaient contract\u00e9 le Covid-19 s\u2019\u00e9taient r\u00e9tablies \u00e0 ce jour-l\u00e0 sur tout le continent, selon l\u2019agence continentale de contr\u00f4le et de pr\u00e9vention des maladies.\u00a0 Les pays africains les plus touch\u00e9s par le Covid-19 en termes de nombre de cas positifs sont l\u2019Afrique du Sud, le Maroc, l\u2019\u00c9gypte et l\u2019\u00c9thiopie, selon les chiffres du CDC Afrique.\u00a0 La r\u00e9gion d\u2019Afrique australe est la plus touch\u00e9e par le Covid-19 \u00e0 la fois en nombre de cas positifs et en nombre de d\u00e9c\u00e8s, suivie par l\u2019Afrique du Nord.\u00a0 L\u2019Afrique du Sud est le pays qui compte actuellement le plus grand nombre de cas de Covid-19, avec 746.945. Le pays a \u00e9galement le plus grand nombre de d\u00e9c\u00e8s li\u00e9s \u00e0 la Covid-19, \u00e0 20.153.\u00a0 Le Maroc vient ensuite avec 282.336 cas confirm\u00e9s et 4.631 d\u00e9c\u00e8s, suivi de l\u2019\u00c9gypte avec 110.319 cas confirm\u00e9s et 6.429 d\u00e9c\u00e8s, selon le CDC Afrique.<\/p>\n<p><strong>Lire aussi|<a href=\"https:\/\/www.challenge.ma\/la-republique-cooperative-de-guyana-retire-sa-reconnaissance-de-la-pseudo-rasd-165258\/\">La R\u00e9publique Coop\u00e9rative de Guyana retire sa reconnaissance de la pseudo \u00ab rasd \u00bb<\/a><\/strong><\/p>\n<p>Auteur: challenge<br \/>\n<a href=\"https:\/\/www.challenge.ma\/pres-dun-deces-sur-cinq-dus-a-la-covid-19-en-afrique-est-lie-au-diabete-oms-165266\/\">Cliquez ici pour lire l&rsquo;article depuis sa source.<\/a><\/p>\n","protected":false},"excerpt":{"rendered":"<p>Les personnes atteintes de diab\u00e8te sont tr\u00e8s vuln\u00e9rables aux cons\u00e9quences aigu\u00ebs du nouveau coronavirus. Selon l\u2019Organisation mondiale de la sant\u00e9 (OMS), 18,3 % des d\u00e9c\u00e8s dus \u00e0 la Covid-19 dans la r\u00e9gion africaine sont li\u00e9s au diab\u00e8te. L\u2019Organisation mondiale de la sant\u00e9 (OMS) estime que 18,3 % des d\u00e9c\u00e8s dus \u00e0 la Covid-19 dans la [&hellip;]<\/p>\n","protected":false},"author":1787,"featured_media":0,"comment_status":"closed","ping_status":"closed","sticky":false,"template":"","format":"standard","meta":{"fifu_image_url":"","fifu_image_alt":"","footnotes":""},"categories":[78,54],"tags":[],"class_list":["post-104795","post","type-post","status-publish","format-standard","hentry","category-economie","category-maroc"],"_links":{"self":[{"href":"https:\/\/linitiative.ca\/International\/wp-json\/wp\/v2\/posts\/104795","targetHints":{"allow":["GET"]}}],"collection":[{"href":"https:\/\/linitiative.ca\/International\/wp-json\/wp\/v2\/posts"}],"about":[{"href":"https:\/\/linitiative.ca\/International\/wp-json\/wp\/v2\/types\/post"}],"author":[{"embeddable":true,"href":"https:\/\/linitiative.ca\/International\/wp-json\/wp\/v2\/users\/1787"}],"replies":[{"embeddable":true,"href":"https:\/\/linitiative.ca\/International\/wp-json\/wp\/v2\/comments?post=104795"}],"version-history":[{"count":0,"href":"https:\/\/linitiative.ca\/International\/wp-json\/wp\/v2\/posts\/104795\/revisions"}],"wp:attachment":[{"href":"https:\/\/linitiative.ca\/International\/wp-json\/wp\/v2\/media?parent=104795"}],"wp:term":[{"taxonomy":"category","embeddable":true,"href":"https:\/\/linitiative.ca\/International\/wp-json\/wp\/v2\/categories?post=104795"},{"taxonomy":"post_tag","embeddable":true,"href":"https:\/\/linitiative.ca\/International\/wp-json\/wp\/v2\/tags?post=104795"}],"curies":[{"name":"wp","href":"https:\/\/api.w.org\/{rel}","templated":true}]}}