{"id":104796,"date":"2020-11-15T08:04:33","date_gmt":"2020-11-15T13:04:33","guid":{"rendered":"https:\/\/linitiative.ca\/International\/el-guerguerat-la-cgem-salue-lintervention-des-far\/"},"modified":"2020-11-15T08:04:33","modified_gmt":"2020-11-15T13:04:33","slug":"el-guerguerat-la-cgem-salue-lintervention-des-far","status":"publish","type":"post","link":"https:\/\/linitiative.ca\/International\/el-guerguerat-la-cgem-salue-lintervention-des-far\/","title":{"rendered":"El Guerguerat : la CGEM salue l\u2019intervention des FAR"},"content":{"rendered":"<p><strong>Le patronat a salu\u00e9 l\u2019intervention salvatrice des Forces arm\u00e9es royales (FAR) dans la zone tampon d\u2019El Guerguerat, men\u00e9e dans le respect de la l\u00e9galit\u00e9 internationale en vue de restaurer le trafic routier entre le Maroc et la Mauritanie.<\/strong><\/p>\n<div class=\"c10\"\/>\n<p>La CGEM vient d\u2019affirmer dans un communiqu\u00e9 son soutien ferme et inconditionnel \u00e0 l\u2019op\u00e9ration men\u00e9e dans le respect de la l\u00e9galit\u00e9 internationale par les Forces Arm\u00e9es Royales (FAR), sur Tr\u00e8s Hautes Instructions de sa Majest\u00e9 le Roi Mohammed VI, Chef Supr\u00eame et Chef d\u2019\u00c9tat-Major g\u00e9n\u00e9ral des FAR, en vue de restaurer la libre circulation des personnes et des marchandises \u00e0 travers le passage d\u2019El Guerguerat. \u00ab\u00a0Le blocage engendr\u00e9 par les agissements des ennemis de la Nation, depuis le 21 octobre dernier, avait pour objectif de nuire aux int\u00e9r\u00eats \u00e9conomiques des entreprises en impactant les flux commerciaux en provenance du Maroc et de l\u2019Europe vers le Continent africain et principalement vers le voisin Mauritanien, et vice-versa.<\/p>\n<p><strong>Lire aussi|<a href=\"https:\/\/www.challenge.ma\/pres-dun-deces-sur-cinq-dus-a-la-covid-19-en-afrique-est-lie-au-diabete-oms-165266\/\">Pr\u00e8s d\u2019un d\u00e9c\u00e8s sur cinq dus \u00e0 la Covid-19 en Afrique est li\u00e9 au diab\u00e8te [OMS]<\/a><\/strong><\/p>\n<p>En effet, pr\u00e8s de 350 camions de marchandises transitent chaque jour par le poste frontalier d\u2019El Guerguerat\u00a0\u00bb, indique le patronat qui r\u00e9it\u00e8re sa profonde gratitude et reconnaissance, ainsi que sa mobilisation permanente derri\u00e8re S.M le Roi Mohammed VI dans la d\u00e9fense de la stabilit\u00e9, de la s\u00e9curit\u00e9 et de l\u2019int\u00e9grit\u00e9 territoriale du Royaume. Selon la CGEM, gr\u00e2ce \u00e0 cette op\u00e9ration l\u00e9gitime, les acteurs \u00e9conomiques marocains, ainsi que leurs partenaires africains et europ\u00e9ens pourront poursuivre leur activit\u00e9 commerciale en toute s\u00e9curit\u00e9 et s\u00e9r\u00e9nit\u00e9.<\/p>\n<p><strong>Lire aussi|<a href=\"https:\/\/www.challenge.ma\/el-guerguarat-des-personnalites-politiques-europeennes-et-des-experts-soutiennent-lintervention-des-far-165248\/\">El Guerguarat : Des personnalit\u00e9s politiques europ\u00e9ennes et des experts soutiennent l\u2019intervention des FAR<\/a><\/strong><\/p>\n<p>Auteur: challenge<br \/>\n<a href=\"https:\/\/www.challenge.ma\/el-guerguerat-la-cgem-salue-lintervention-des-far-165271\/\">Cliquez ici pour lire l&rsquo;article depuis sa source.<\/a><\/p>\n","protected":false},"excerpt":{"rendered":"<p>Le patronat a salu\u00e9 l\u2019intervention salvatrice des Forces arm\u00e9es royales (FAR) dans la zone tampon d\u2019El Guerguerat, men\u00e9e dans le respect de la l\u00e9galit\u00e9 internationale en vue de restaurer le trafic routier entre le Maroc et la Mauritanie. La CGEM vient d\u2019affirmer dans un communiqu\u00e9 son soutien ferme et inconditionnel \u00e0 l\u2019op\u00e9ration men\u00e9e dans le [&hellip;]<\/p>\n","protected":false},"author":1787,"featured_media":0,"comment_status":"closed","ping_status":"closed","sticky":false,"template":"","format":"standard","meta":{"fifu_image_url":"","fifu_image_alt":"","footnotes":""},"categories":[78,54],"tags":[],"class_list":["post-104796","post","type-post","status-publish","format-standard","hentry","category-economie","category-maroc"],"_links":{"self":[{"href":"https:\/\/linitiative.ca\/International\/wp-json\/wp\/v2\/posts\/104796","targetHints":{"allow":["GET"]}}],"collection":[{"href":"https:\/\/linitiative.ca\/International\/wp-json\/wp\/v2\/posts"}],"about":[{"href":"https:\/\/linitiative.ca\/International\/wp-json\/wp\/v2\/types\/post"}],"author":[{"embeddable":true,"href":"https:\/\/linitiative.ca\/International\/wp-json\/wp\/v2\/users\/1787"}],"replies":[{"embeddable":true,"href":"https:\/\/linitiative.ca\/International\/wp-json\/wp\/v2\/comments?post=104796"}],"version-history":[{"count":0,"href":"https:\/\/linitiative.ca\/International\/wp-json\/wp\/v2\/posts\/104796\/revisions"}],"wp:attachment":[{"href":"https:\/\/linitiative.ca\/International\/wp-json\/wp\/v2\/media?parent=104796"}],"wp:term":[{"taxonomy":"category","embeddable":true,"href":"https:\/\/linitiative.ca\/International\/wp-json\/wp\/v2\/categories?post=104796"},{"taxonomy":"post_tag","embeddable":true,"href":"https:\/\/linitiative.ca\/International\/wp-json\/wp\/v2\/tags?post=104796"}],"curies":[{"name":"wp","href":"https:\/\/api.w.org\/{rel}","templated":true}]}}