{"id":104798,"date":"2020-11-15T15:31:05","date_gmt":"2020-11-15T20:31:05","guid":{"rendered":"https:\/\/linitiative.ca\/International\/el-guerguerat-lassociation-nationale-des-medias-et-des-editeurs-salue-hautement-le-professionnalisme-et-lefficacite-des-far\/"},"modified":"2020-11-15T15:31:05","modified_gmt":"2020-11-15T20:31:05","slug":"el-guerguerat-lassociation-nationale-des-medias-et-des-editeurs-salue-hautement-le-professionnalisme-et-lefficacite-des-far","status":"publish","type":"post","link":"https:\/\/linitiative.ca\/International\/el-guerguerat-lassociation-nationale-des-medias-et-des-editeurs-salue-hautement-le-professionnalisme-et-lefficacite-des-far\/","title":{"rendered":"El Guerguerat : l\u2019Association nationale des m\u00e9dias et des \u00e9diteurs salue hautement le \u00ab\u00a0professionnalisme et l\u2019efficacit\u00e9\u00a0\u00bb des FAR"},"content":{"rendered":"<p><strong>L\u2019Association nationale des m\u00e9dias et des \u00e9diteurs (ANME) a salu\u00e9 hautement le \u00ab\u00a0professionnalisme et l\u2019efficacit\u00e9\u00a0\u00bb des Forces Arm\u00e9es Royales (FAR) dans leur op\u00e9ration salvatrice pour r\u00e9tablir la libert\u00e9 de circulation civile et commerciale dans la zone tampon d\u2019El Guerguarat au Sahara marocain.<\/strong><\/p>\n<div class=\"c10\"\/>\n<p>L\u2019ANME, qui \u201csuit avec grands int\u00e9r\u00eat et pr\u00e9occupation le d\u00e9veloppement des \u00e9v\u00e9nements au Sahara marocain apr\u00e8s la lib\u00e9ration du poste-fronti\u00e8re d\u2019El Guerguerat, salue hautement les FAR qui ont fait montre de professionnalisme, d\u2019efficacit\u00e9 et d\u2019un esprit patriotique \u00e9lev\u00e9\u201d. L\u2019Association appelle en outre toutes les composantes du champ m\u00e9diatique marocain \u00e0 la mobilisation et \u00e0 la vigilance pour contrer la campagne de mensonges et de conneries que v\u00e9hiculent les relais m\u00e9diatiques du polisario et des ennemis qui s\u2019adonnent \u00e0 une guerre de propagande visant \u00e0 affecter le moral des marocains.<\/p>\n<p><strong>Lire aussi | <a href=\"https:\/\/www.challenge.ma\/el-guerguerat-la-cgem-salue-lintervention-des-far-165271\/\" target=\"_blank\" rel=\"noreferrer noopener\">El Guerguerat : la CGEM salue l\u2019intervention des FAR<\/a><\/strong><\/p>\n<p>Ayant \u00e0 l\u2019esprit le r\u00f4le de la presse professionnelle responsable et nationale dans la d\u00e9fense du droit des citoyens \u00e0 l\u2019information fiable, \u00e0 l\u2019analyse pertinente et \u00e0 l\u2019opinion libre et sinc\u00e8re, l\u2019ANME appelle tous les journalistes marocains \u00e0 s\u2019engager avec professionnalisme et responsabilit\u00e9 dans le combat pour r\u00e9futer les mensonges que font circuler les ennemis contre le Maroc et ses Forces arm\u00e9es. La presse professionnelle nationale a jou\u00e9 un r\u00f4le essentiel dans la d\u00e9fense de l\u2019unit\u00e9 de la patrie, rel\u00e8ve l\u2019Association, notant qu\u2019au vu des menaces qui guettent le pays, la presse nationale est appel\u00e9e \u00e0 s\u2019acquitter de son r\u00f4le qui consiste \u00e0 \u00e9clairer l\u2019opinion publique nationale et internationale \u00e0 propos de ce qui se passe sur le terrain et \u00e0 r\u00e9futer les mensonges des ennemis.<\/p>\n<p><strong>Lire aussi | <a href=\"https:\/\/www.challenge.ma\/la-republique-cooperative-de-guyana-retire-sa-reconnaissance-de-la-pseudo-rasd-165258\/\" target=\"_blank\" rel=\"noreferrer noopener\">La R\u00e9publique Coop\u00e9rative de Guyana retire sa reconnaissance de la pseudo \u00ab rasd \u00bb<\/a><\/strong><\/p>\n<p>L\u2019ANME implore Dieu d\u2019\u201d\u00e9pargner le Maroc de tout malheur et d\u2019accorder victoire aux soldats de notre brave Arm\u00e9e, sous la conduite sage de S.M. le Roi Mohammed VI, Chef Supr\u00eame et Chef d\u2019Etat-Major G\u00e9n\u00e9ral des FAR\u00a0\u00bb.<\/p>\n<div class=\"vw-sticky-sidebar-wrapper vw-sticky-sidebar widget_text awac-wrapper widget_text awac widget custom_html-4 textwidget custom-html-widget\">\n<p class=\"has-background c12\"><span class=\"widget-title c11\">Tribune et D\u00e9bats<\/span><\/p>\n<p>La tribune qui vous parle d\u2019une actu, d\u2019un sujet qui fait d\u00e9bat, les traite et les analyse. \u00c9conomistes et autres experts, patrons d\u2019entreprises, d\u00e9cideurs, acteurs de la soci\u00e9t\u00e9 civile, s\u2019y prononcent et contribuent \u00e0 sa grande richesse. Vous avez votre opinion, convergente ou diff\u00e9rente. Exprimez-la et mesurez-vous ainsi \u00e0 nos tribuns et d\u00e9batteurs.<\/p>\n<p>Envoyez vos analyses \u00e0 : <a href=\"\/cdn-cgi\/l\/email-protection#a3c0cccdd7c2c0d7e3c0cbc2cfcfc6cdc4c68dcec2\"><span class=\"__cf_email__\" data-cfemail=\"0e6d61607a6f6d7a4e6d666f62626b60696b20636f\">[email\u00a0protected]<\/span><\/a>, en pr\u00e9cisant votre nom, votre pr\u00e9nom et votre m\u00e9tier.<\/p>\n<\/div>\n<p>Auteur: challenge<br \/>\n<a href=\"https:\/\/www.challenge.ma\/el-guerguerat-lassociation-nationale-des-medias-et-des-editeurs-salue-hautement-le-professionnalisme-et-lefficacite-des-far-165299\/\">Cliquez ici pour lire l&rsquo;article depuis sa source.<\/a><\/p>\n","protected":false},"excerpt":{"rendered":"<p>L\u2019Association nationale des m\u00e9dias et des \u00e9diteurs (ANME) a salu\u00e9 hautement le \u00ab\u00a0professionnalisme et l\u2019efficacit\u00e9\u00a0\u00bb des Forces Arm\u00e9es Royales (FAR) dans leur op\u00e9ration salvatrice pour r\u00e9tablir la libert\u00e9 de circulation civile et commerciale dans la zone tampon d\u2019El Guerguarat au Sahara marocain. L\u2019ANME, qui \u201csuit avec grands int\u00e9r\u00eat et pr\u00e9occupation le d\u00e9veloppement des \u00e9v\u00e9nements au [&hellip;]<\/p>\n","protected":false},"author":1787,"featured_media":0,"comment_status":"closed","ping_status":"closed","sticky":false,"template":"","format":"standard","meta":{"fifu_image_url":"","fifu_image_alt":"","footnotes":""},"categories":[78,54],"tags":[],"class_list":["post-104798","post","type-post","status-publish","format-standard","hentry","category-economie","category-maroc"],"_links":{"self":[{"href":"https:\/\/linitiative.ca\/International\/wp-json\/wp\/v2\/posts\/104798","targetHints":{"allow":["GET"]}}],"collection":[{"href":"https:\/\/linitiative.ca\/International\/wp-json\/wp\/v2\/posts"}],"about":[{"href":"https:\/\/linitiative.ca\/International\/wp-json\/wp\/v2\/types\/post"}],"author":[{"embeddable":true,"href":"https:\/\/linitiative.ca\/International\/wp-json\/wp\/v2\/users\/1787"}],"replies":[{"embeddable":true,"href":"https:\/\/linitiative.ca\/International\/wp-json\/wp\/v2\/comments?post=104798"}],"version-history":[{"count":0,"href":"https:\/\/linitiative.ca\/International\/wp-json\/wp\/v2\/posts\/104798\/revisions"}],"wp:attachment":[{"href":"https:\/\/linitiative.ca\/International\/wp-json\/wp\/v2\/media?parent=104798"}],"wp:term":[{"taxonomy":"category","embeddable":true,"href":"https:\/\/linitiative.ca\/International\/wp-json\/wp\/v2\/categories?post=104798"},{"taxonomy":"post_tag","embeddable":true,"href":"https:\/\/linitiative.ca\/International\/wp-json\/wp\/v2\/tags?post=104798"}],"curies":[{"name":"wp","href":"https:\/\/api.w.org\/{rel}","templated":true}]}}