{"id":104799,"date":"2020-11-15T16:10:25","date_gmt":"2020-11-15T21:10:25","guid":{"rendered":"https:\/\/linitiative.ca\/International\/carlos-ghosn-je-netais-pas-au-courant-des-plans-devasion-elabores-par-des-associes\/"},"modified":"2020-11-15T16:10:25","modified_gmt":"2020-11-15T21:10:25","slug":"carlos-ghosn-je-netais-pas-au-courant-des-plans-devasion-elabores-par-des-associes","status":"publish","type":"post","link":"https:\/\/linitiative.ca\/International\/carlos-ghosn-je-netais-pas-au-courant-des-plans-devasion-elabores-par-des-associes\/","title":{"rendered":"Carlos Ghosn : \u00ab Je n\u2019\u00e9tais pas au courant des plans d\u2019\u00e9vasion \u00e9labor\u00e9s par des associ\u00e9s \u00bb"},"content":{"rendered":"<p><strong>L\u2019ancien patron de l\u2019alliance Renault-Nissan-Mitsubishi a accord\u00e9 une <a href=\"https:\/\/www.thetimes.co.uk\/article\/carlos-ghosn-escape-japan-h582j6lxg?_ga=2.55919915.1260271299.1605471307-816899136.1605471307&amp;wgu=270525_54264_16054726188458_23a21259eb&amp;wgexpiry=1613248618&amp;utm_source=planit&amp;utm_medium=affiliate&amp;utm_content=22278\" target=\"_blank\" rel=\"noreferrer noopener\">interview exclusive<\/a> au Sunday Times Magazine.<\/strong><\/p>\n<div class=\"c10\"\/>\n<p>L\u2019entretien r\u00e9v\u00e8le de nouveaux d\u00e9tails sur l\u2019audacieuse \u00e9vasion de Carlos Ghosn \u00e0 minuit de l\u2019assignation \u00e0 r\u00e9sidence \u00e0 Tokyo, pourquoi il a fui, sa vie actuelle en exil au Liban et ses projets pour l\u2019avenir. L\u2019ancien CEO, 66 ans, affirme qu\u2019il n\u2019a pas commis les crimes dont il est accus\u00e9. Il a d\u00e9clar\u00e9 qu\u2019il n\u2019\u00e9tait pas au courant de bon nombre des plans d\u2019\u00e9vasion \u00e9labor\u00e9s par des \u00ab associ\u00e9s \u00bb qui font maintenant l\u2019objet d\u2019une extradition vers le Japon pour faire face \u00e0 des accusations criminelles, mais a r\u00e9v\u00e9l\u00e9 qu\u2019il avait utilis\u00e9 un t\u00e9l\u00e9phone \u00ab jetable \u00bb pour effectuer des correspondances \u00ab rapides et confidentielles \u00bb alors qu\u2019il \u00e9tait assign\u00e9 \u00e0 r\u00e9sidence.<\/p>\n<p><strong>Lire aussi | <a href=\"https:\/\/www.challenge.ma\/credits-aux-particuliers-de-nouvelles-conditions-doctroi-des-2021-165276\/\" target=\"_blank\" rel=\"noreferrer noopener\">Cr\u00e9dits aux particuliers : de nouvelles conditions d\u2019octroi d\u00e8s 2021<\/a><\/strong><\/p>\n<p>Depuis son \u00e9vasion au Liban, Carlos Ghosn a \u00e9crit un livre dans lequel il se d\u00e9fend contre les accusations. \u00c9crit en fran\u00e7ais (l\u2019une des quatre langues qu\u2019il parle Ghosn) et intitul\u00e9 \u00ab\u00a0Le Temps de la v\u00e9rit\u00e9\u00a0\u00bb, il pourrait s\u2019\u00eatre la meilleure occasion pour lui d\u2019exposer sa version de l\u2019histoire. Dans le livre et dans l\u2019interview du Sunday Times, il soutient qu\u2019il y a eu une conspiration au sein de Nissan pour l\u2019\u00e9vincer. \u00ab\u00a0Le Japon est devenu nationaliste. Il a \u00e9t\u00e9 question de la \u2018\u2019re-japonisation\u2019\u2019 de Nissan \u00bb, a-t-il d\u00e9clar\u00e9, affirmant que les fuites d\u2019e-mails corroboraient ce r\u00e9cit. L\u2019ambition de Carlos Ghosn de faire aboutir une fusion avec Renault est en conflit avec cet objectif pr\u00e9sum\u00e9, affirme-t-il, ajoutant que la soci\u00e9t\u00e9 a par la suite conspir\u00e9 pour \u00ab me mettre compl\u00e8tement hors de vue. Cela signifiait me mettre en prison \u00bb.<\/p>\n<p><strong>Lire aussi | <a href=\"https:\/\/www.challenge.ma\/pres-dun-deces-sur-cinq-dus-a-la-covid-19-en-afrique-est-lie-au-diabete-oms-165266\/\" target=\"_blank\" rel=\"noreferrer noopener\">Pr\u00e8s d\u2019un d\u00e9c\u00e8s sur cinq dus \u00e0 la Covid-19 en Afrique est li\u00e9 au diab\u00e8te [OMS]<\/a><\/strong><\/p>\n<p>Carlos Ghosn a \u00e9galement r\u00e9v\u00e9l\u00e9 ses projets pour l\u2019avenir dans cet interview. Il a ainsi commenc\u00e9 \u00e0 enseigner un cours de gestion \u00e0 l\u2019Universit\u00e9 Holy Spirit de Kalisk au Liban, formant des entrepreneurs locaux dans l\u2019espoir de pouvoir aider l\u2019\u00e9conomie libanaise \u00e0 se remettre de l\u2019explosion d\u00e9vastatrice qui a eu lieu \u00e0 Beyrouth en ao\u00fbt. Les principaux politiciens du pays l\u2019ont appel\u00e9 \u00e0 rejoindre le gouvernement libanais, mais il a d\u00e9clar\u00e9 qu\u2019il n\u2019accepterait qu\u2019un poste de conseiller informel car il est fatigu\u00e9 de la politique apr\u00e8s une carri\u00e8re dans une entreprise affili\u00e9e \u00e0 la politique. Pour l\u2019instant, dit-il, il \u00ab jouit de plaisirs simples : \u00eatre avec Carole [sa femme] et mes enfants \u00bb.<\/p>\n<p>Auteur: challenge<br \/>\n<a href=\"https:\/\/www.challenge.ma\/carlos-ghosn-je-netais-pas-au-courant-des-plans-devasion-elabores-par-des-associes-165306\/\">Cliquez ici pour lire l&rsquo;article depuis sa source.<\/a><\/p>\n","protected":false},"excerpt":{"rendered":"<p>L\u2019ancien patron de l\u2019alliance Renault-Nissan-Mitsubishi a accord\u00e9 une interview exclusive au Sunday Times Magazine. L\u2019entretien r\u00e9v\u00e8le de nouveaux d\u00e9tails sur l\u2019audacieuse \u00e9vasion de Carlos Ghosn \u00e0 minuit de l\u2019assignation \u00e0 r\u00e9sidence \u00e0 Tokyo, pourquoi il a fui, sa vie actuelle en exil au Liban et ses projets pour l\u2019avenir. L\u2019ancien CEO, 66 ans, affirme qu\u2019il [&hellip;]<\/p>\n","protected":false},"author":1787,"featured_media":0,"comment_status":"closed","ping_status":"closed","sticky":false,"template":"","format":"standard","meta":{"fifu_image_url":"","fifu_image_alt":"","footnotes":""},"categories":[78,54],"tags":[],"class_list":["post-104799","post","type-post","status-publish","format-standard","hentry","category-economie","category-maroc"],"_links":{"self":[{"href":"https:\/\/linitiative.ca\/International\/wp-json\/wp\/v2\/posts\/104799","targetHints":{"allow":["GET"]}}],"collection":[{"href":"https:\/\/linitiative.ca\/International\/wp-json\/wp\/v2\/posts"}],"about":[{"href":"https:\/\/linitiative.ca\/International\/wp-json\/wp\/v2\/types\/post"}],"author":[{"embeddable":true,"href":"https:\/\/linitiative.ca\/International\/wp-json\/wp\/v2\/users\/1787"}],"replies":[{"embeddable":true,"href":"https:\/\/linitiative.ca\/International\/wp-json\/wp\/v2\/comments?post=104799"}],"version-history":[{"count":0,"href":"https:\/\/linitiative.ca\/International\/wp-json\/wp\/v2\/posts\/104799\/revisions"}],"wp:attachment":[{"href":"https:\/\/linitiative.ca\/International\/wp-json\/wp\/v2\/media?parent=104799"}],"wp:term":[{"taxonomy":"category","embeddable":true,"href":"https:\/\/linitiative.ca\/International\/wp-json\/wp\/v2\/categories?post=104799"},{"taxonomy":"post_tag","embeddable":true,"href":"https:\/\/linitiative.ca\/International\/wp-json\/wp\/v2\/tags?post=104799"}],"curies":[{"name":"wp","href":"https:\/\/api.w.org\/{rel}","templated":true}]}}