{"id":104806,"date":"2020-11-15T14:18:06","date_gmt":"2020-11-15T19:18:06","guid":{"rendered":"https:\/\/linitiative.ca\/International\/cote-divoire-le-dialogue-reste-la-voie-a-privilegier-pour-une-sortie-de-crise-pm\/"},"modified":"2020-11-15T14:18:06","modified_gmt":"2020-11-15T19:18:06","slug":"cote-divoire-le-dialogue-reste-la-voie-a-privilegier-pour-une-sortie-de-crise-pm","status":"publish","type":"post","link":"https:\/\/linitiative.ca\/International\/cote-divoire-le-dialogue-reste-la-voie-a-privilegier-pour-une-sortie-de-crise-pm\/","title":{"rendered":"C\u00f4te d\u2019Ivoire: \u00ab\u00a0le dialogue reste la voie \u00e0 privil\u00e9gier\u00a0\u00bb pour une sortie de crise (PM)"},"content":{"rendered":"<div readability=\"32\">\n<p>Publi\u00e9 le 15.11.2020 \u00e0 20h18 par APA News<\/p>\n<\/div>\n<div readability=\"129\">\n<p>Le Premier ministre ivoirien, Hamed Bakayoko, a d\u00e9clar\u00e9 dimanche que \u00ab\u00a0le dialogue reste la voie \u00e0 privil\u00e9gier pour r\u00e9gler (les) diff\u00e9rends\u00a0\u00bb n\u00e9s du scrutin pr\u00e9sidentiel du 31 octobre 2020, lors de la 24e Journ\u00e9e nationale de la paix \u00e0 Koumassi, une commune situ\u00e9e dans le Sud d\u2019Abidjan.\u00a0\u00bbLe dialogue reste la voie \u00e0 privil\u00e9gier en toute circonstance pour le r\u00e8glement de nos diff\u00e9rends. (Car), jamais la violence ne triomphe et ne prosp\u00e8re, si ce n\u2019est des champs de ruines, de morts et de d\u00e9solation\u00a0\u00bb, a dit M. Hamed Bakayoko.\u00a0<\/p>\n<p>Suite \u00e0 cette \u00e9lection pr\u00e9sidentielle, contest\u00e9e par l\u2019opposition, le pr\u00e9sident Alassane Ouattara, r\u00e9\u00e9lu pour un autre mandat, et M. Henri Konan B\u00e9di\u00e9, le chef de file de l\u2019opposition, ont eu un t\u00eate-\u00e0-t\u00eate mercredi pour \u00ab\u00a0briser le mur de m\u00e9fiance\u00a0\u00bb.<\/p>\n<p>Selon le Premier ministre ivoirien Hamed Bakayoko, c\u2019est \u00ab\u00a0une \u00e9volution positive\u00a0\u00bb qui doit \u00ab\u00a0convaincre d\u00e9finitivement\u00a0\u00bb que le dialogue ouvre les sentiers de la paix, un \u00e9lan dans lequel doivent s\u2019inscrire les Ivoiriens.<\/p>\n<p>\u00ab\u00a0Le scrutin pr\u00e9sidentiel a eu lieu et est termin\u00e9, fini le temps de la bellig\u00e9rance et des divergences, l\u2019heure doit \u00eatre d\u00e9sormais \u00e0 la construction de notre pays\u00a0\u00bb, a -t-il martel\u00e9, avant d\u2019ajouter: \u00ab\u00a0quittons donc d\u00e9finitivement les rues et les confrontations non productives pour nous asseoir \u00e0 la table du dialogue franc, sinc\u00e8re et constructif\u00a0\u00bb.\u00a0<\/p>\n<p>Pour lui, cela est possible, dans le respect des diff\u00e9rences des Ivoiriens de \u00ab\u00a0travailler ensemble\u00a0\u00bb pour la construction du pays; surtout avec \u00ab\u00a0le sens de l\u2019ouverture et de la disposition constante\u00a0\u00bb de M. Ouattara \u00e0 cr\u00e9er les conditions d\u2019un dialogue franc.<\/p>\n<p>Il a d\u00e9plor\u00e9 les conflits inter-communautaires survenus apr\u00e8s la pr\u00e9sidentielle et qui ont fait selon les autorit\u00e9s 85 morts. Les violences \u00e9taient plus accentu\u00e9es dans les fiefs de l\u2019opposition o\u00f9 des partisans du pouvoir et de l\u2019opposition se sont affront\u00e9s.<\/p>\n<p>Institu\u00e9e en 1996, la Journ\u00e9e nationale de la paix se tient chaque 15 novembre. Selon la ministre de la Solidarit\u00e9, de la coh\u00e9sion sociale et de la lutte contre la pauvret\u00e9, Mariatou Kon\u00e9, cette c\u00e9l\u00e9bration vise \u00e0 pr\u00f4ner \u00ab\u00a0la valeur fondamentale du vivre ensemble\u00a0\u00bb.\u00a0<\/p>\n<p>Il s\u2019agit \u00e9galement d&rsquo;\u00a0\u00bb\u00e9valuer nos rapports aux autres en termes de qualit\u00e9 des relations humaines dans nos diff\u00e9rents cadres de vie\u00a0\u00bb, a soulign\u00e9 la ministre de la Solidarit\u00e9, de la coh\u00e9sion sociale et de la lutte contre la pauvret\u00e9.<\/p>\n<p>Au cours de cette journ\u00e9e, des personnalit\u00e9s et des citoyens sont distingu\u00e9s pour leurs actes ayant contribu\u00e9 \u00e0 la promotion et au renforcement de la paix et de la coh\u00e9sion sociale en C\u00f4te d\u2019Ivoire.<\/p>\n<p>M. Hamed Bakayoko, le maire de Koumassi Ciss\u00e9 Bacongo, le ministre des Transports Amadou Kon\u00e9, ont \u00e9t\u00e9 faits commandeurs dans l\u2019ordre du m\u00e9rite de la Solidarit\u00e9 et de la paix en C\u00f4te d\u2019Ivoire. De m\u00eame que la repr\u00e9sentante r\u00e9sidente du Pnud, Carol-Flore Smereczniak, et le coordonnateur r\u00e9sident du syst\u00e8me des Nations Unies, Philipe Poinsot.\u00a0<\/p>\n<p>Deux journalistes ivoiriens de la RTI 1, la t\u00e9l\u00e9vision publique, figurent parmi les personnes \u00e9lev\u00e9es au rang de officier dans l\u2019ordre du m\u00e9rite de la Solidarit\u00e9 et de la paix en C\u00f4te d\u2019Ivoire, notamment Marie-Laure Ngoran et Serges Kolea (Prix Ebony 2019 du meilleur journaliste).\u00a0<\/p>\n<p>Certains citoyens ont \u00e9t\u00e9 faits chevaliers dans l\u2019ordre du m\u00e9rite de la Solidarit\u00e9 et de la coh\u00e9sion sociale. Mme Marie-Laure Ngoran, porte-parole des r\u00e9cipiendaires, a salu\u00e9 cet acte du gouvernement tout en d\u00e9clarant : \u00ab\u00a0non aux crises politiques, oui au vivre ensemble\u00a0\u00bb.\u00a0<\/p>\n<p>La c\u00e9r\u00e9monie s\u2019est achev\u00e9e par un planting d\u2019arbres aux abords du jardin public, pr\u00e8s du \u00ab\u00a0grand carrefour de Koumassi\u00a0\u00bb. Un geste qui vise par ailleurs \u00e0 lutter contre les changements climatiques, un danger pour la plan\u00e8te.\u00a0<\/p>\n<\/div>\n<p>Auteur: APA News<br \/>\n<a href=\"https:\/\/www.journalducameroun.com\/cote-divoire-le-dialogue-reste-la-voie-a-privilegier-pour-une-sortie-de-crise-pm\/\">Cliquez ici pour lire l&rsquo;article depuis sa source.<\/a><\/p>\n","protected":false},"excerpt":{"rendered":"<p>Publi\u00e9 le 15.11.2020 \u00e0 20h18 par APA News Le Premier ministre ivoirien, Hamed Bakayoko, a d\u00e9clar\u00e9 dimanche que \u00ab\u00a0le dialogue reste la voie \u00e0 privil\u00e9gier pour r\u00e9gler (les) diff\u00e9rends\u00a0\u00bb n\u00e9s du scrutin pr\u00e9sidentiel du 31 octobre 2020, lors de la 24e Journ\u00e9e nationale de la paix \u00e0 Koumassi, une commune situ\u00e9e dans le Sud d\u2019Abidjan.\u00a0\u00bbLe [&hellip;]<\/p>\n","protected":false},"author":1965,"featured_media":0,"comment_status":"closed","ping_status":"closed","sticky":false,"template":"","format":"standard","meta":{"fifu_image_url":"","fifu_image_alt":"","footnotes":""},"categories":[73,82],"tags":[],"class_list":["post-104806","post","type-post","status-publish","format-standard","hentry","category-actualite","category-cameroun"],"_links":{"self":[{"href":"https:\/\/linitiative.ca\/International\/wp-json\/wp\/v2\/posts\/104806","targetHints":{"allow":["GET"]}}],"collection":[{"href":"https:\/\/linitiative.ca\/International\/wp-json\/wp\/v2\/posts"}],"about":[{"href":"https:\/\/linitiative.ca\/International\/wp-json\/wp\/v2\/types\/post"}],"author":[{"embeddable":true,"href":"https:\/\/linitiative.ca\/International\/wp-json\/wp\/v2\/users\/1965"}],"replies":[{"embeddable":true,"href":"https:\/\/linitiative.ca\/International\/wp-json\/wp\/v2\/comments?post=104806"}],"version-history":[{"count":0,"href":"https:\/\/linitiative.ca\/International\/wp-json\/wp\/v2\/posts\/104806\/revisions"}],"wp:attachment":[{"href":"https:\/\/linitiative.ca\/International\/wp-json\/wp\/v2\/media?parent=104806"}],"wp:term":[{"taxonomy":"category","embeddable":true,"href":"https:\/\/linitiative.ca\/International\/wp-json\/wp\/v2\/categories?post=104806"},{"taxonomy":"post_tag","embeddable":true,"href":"https:\/\/linitiative.ca\/International\/wp-json\/wp\/v2\/tags?post=104806"}],"curies":[{"name":"wp","href":"https:\/\/api.w.org\/{rel}","templated":true}]}}