{"id":104810,"date":"2020-11-15T17:18:02","date_gmt":"2020-11-15T22:18:02","guid":{"rendered":"https:\/\/linitiative.ca\/International\/lespagne-condamne-les-actes-commis-devant-le-consulat-general-du-maroc-a-valence\/"},"modified":"2020-11-15T17:18:02","modified_gmt":"2020-11-15T22:18:02","slug":"lespagne-condamne-les-actes-commis-devant-le-consulat-general-du-maroc-a-valence","status":"publish","type":"post","link":"https:\/\/linitiative.ca\/International\/lespagne-condamne-les-actes-commis-devant-le-consulat-general-du-maroc-a-valence\/","title":{"rendered":"L\u2019Espagne condamne les actes commis devant le Consulat g\u00e9n\u00e9ral du Maroc \u00e0 Valence"},"content":{"rendered":"<div readability=\"32\">\n<p>Publi\u00e9 le 15.11.2020 \u00e0 23h18 par APA News<\/p>\n<\/div>\n<div readability=\"65\">\n<p>Le gouvernement espagnol a \u00ab condamn\u00e9 cat\u00e9goriquement \u00bb les actes de vandalisme commis, ce dimanche, par des forcen\u00e9s du polisario devant le Consulat g\u00e9n\u00e9ral du Maroc \u00e0 Valence.\u00ab L\u2019Espagne condamne cat\u00e9goriquement les actes commis dimanche par certains participants \u00e0 un rassemblement (\u2026) devant le Consulat g\u00e9n\u00e9ral du Maroc \u00e0 Valence \u00bb, indique le minist\u00e8re espagnol des Affaires \u00e9trang\u00e8res, de l\u2019Union europ\u00e9enne et de la Coop\u00e9ration dans un communiqu\u00e9.<\/p>\n<p>Ces forcen\u00e9s ont acc\u00e9d\u00e9 au b\u00e2timent du consulat pour tenter d\u2019y placer l\u2019\u00e9tendard de la soi disant \u00ab\u00a0rasd\u00a0\u00bb, \u00ab\u00a0portant ainsi atteinte \u00e0 l\u2019inviolabilit\u00e9, l\u2019int\u00e9grit\u00e9 et la dignit\u00e9 du si\u00e8ge consulaire\u00bb, souligne le minist\u00e8re espagnol.<\/p>\n<p>\u00abAucune manifestation s\u2019exer\u00e7ant dans le cadre du droit de r\u00e9union ne peut d\u00e9g\u00e9n\u00e9rer en actions ill\u00e9gales, \u00e0 l\u2019image de la tentative perp\u00e9tr\u00e9e ce dimanche, qui constitue une violation flagrante de la l\u00e9gislation en vigueur\u00bb, affirme la m\u00eame source.<\/p>\n<p>\u00abLe gouvernement cherche \u00e0 avoir plus de clarifications sur les faits et continuera \u00e0 prendre toutes les mesures appropri\u00e9es pour assurer le respect de l\u2019int\u00e9grit\u00e9 et de l\u2019inviolabilit\u00e9 des missions diplomatiques accr\u00e9dit\u00e9es dans notre pays \u00bb, assure le minist\u00e8re espagnol des Affaires \u00e9trang\u00e8res.<\/p>\n<p>\u00ab L\u2019Espagne condamne fermement toute action portant atteinte aux principes et aux valeurs des conventions de Vienne sur les relations diplomatiques et consulaires de 1961 et 1963, dont elle est partie et ferme garante\u00bb, ajoute le communiqu\u00e9.<\/p>\n<\/div>\n<p>Auteur: APA News<br \/>\n<a href=\"https:\/\/www.journalducameroun.com\/lespagne-condamne-les-actes-commis-devant-le-consulat-general-du-maroc-a-valence\/\">Cliquez ici pour lire l&rsquo;article depuis sa source.<\/a><\/p>\n","protected":false},"excerpt":{"rendered":"<p>Publi\u00e9 le 15.11.2020 \u00e0 23h18 par APA News Le gouvernement espagnol a \u00ab condamn\u00e9 cat\u00e9goriquement \u00bb les actes de vandalisme commis, ce dimanche, par des forcen\u00e9s du polisario devant le Consulat g\u00e9n\u00e9ral du Maroc \u00e0 Valence.\u00ab L\u2019Espagne condamne cat\u00e9goriquement les actes commis dimanche par certains participants \u00e0 un rassemblement (\u2026) devant le Consulat g\u00e9n\u00e9ral du [&hellip;]<\/p>\n","protected":false},"author":1965,"featured_media":0,"comment_status":"closed","ping_status":"closed","sticky":false,"template":"","format":"standard","meta":{"fifu_image_url":"","fifu_image_alt":"","footnotes":""},"categories":[73,82],"tags":[],"class_list":["post-104810","post","type-post","status-publish","format-standard","hentry","category-actualite","category-cameroun"],"_links":{"self":[{"href":"https:\/\/linitiative.ca\/International\/wp-json\/wp\/v2\/posts\/104810","targetHints":{"allow":["GET"]}}],"collection":[{"href":"https:\/\/linitiative.ca\/International\/wp-json\/wp\/v2\/posts"}],"about":[{"href":"https:\/\/linitiative.ca\/International\/wp-json\/wp\/v2\/types\/post"}],"author":[{"embeddable":true,"href":"https:\/\/linitiative.ca\/International\/wp-json\/wp\/v2\/users\/1965"}],"replies":[{"embeddable":true,"href":"https:\/\/linitiative.ca\/International\/wp-json\/wp\/v2\/comments?post=104810"}],"version-history":[{"count":0,"href":"https:\/\/linitiative.ca\/International\/wp-json\/wp\/v2\/posts\/104810\/revisions"}],"wp:attachment":[{"href":"https:\/\/linitiative.ca\/International\/wp-json\/wp\/v2\/media?parent=104810"}],"wp:term":[{"taxonomy":"category","embeddable":true,"href":"https:\/\/linitiative.ca\/International\/wp-json\/wp\/v2\/categories?post=104810"},{"taxonomy":"post_tag","embeddable":true,"href":"https:\/\/linitiative.ca\/International\/wp-json\/wp\/v2\/tags?post=104810"}],"curies":[{"name":"wp","href":"https:\/\/api.w.org\/{rel}","templated":true}]}}