{"id":104816,"date":"2020-11-16T09:00:19","date_gmt":"2020-11-16T14:00:19","guid":{"rendered":"https:\/\/linitiative.ca\/International\/medays-talks-appel-a-encourager-lentrepreneuriat-feminin-dans-le-digital\/"},"modified":"2020-11-16T09:00:19","modified_gmt":"2020-11-16T14:00:19","slug":"medays-talks-appel-a-encourager-lentrepreneuriat-feminin-dans-le-digital","status":"publish","type":"post","link":"https:\/\/linitiative.ca\/International\/medays-talks-appel-a-encourager-lentrepreneuriat-feminin-dans-le-digital\/","title":{"rendered":"MEDays Talks : Appel \u00e0 encourager l\u2019entrepreneuriat f\u00e9minin dans le digital"},"content":{"rendered":"<p><img decoding=\"async\" class=\"post_layout_5_img\" src=\"http:\/\/aujourdhui.ma\/wp-content\/uploads\/2020\/11\/13-MEDays-Talks.jpg\" alt=\"MEDays Talks : Appel &#xE0; encourager l&#x2019;entrepreneuriat f&#xE9;minin dans le digital\"\/><\/p>\n<p><span class=\"c5\"><strong>Plusieurs startups africaines ont fait preuve d\u2019une capacit\u00e9 d\u2019adaptation pendant la pand\u00e9mie<\/strong><\/span><span id=\"more-360553\"\/><\/p>\n<p>La pand\u00e9mie de Covid-19 a jou\u00e9 en faveur de l\u2019acc\u00e9l\u00e9ration de la transformation digitale et a montr\u00e9 la capacit\u00e9 de plusieurs startups africaines \u00e0 s\u2019adapter et mieux exploiter cette r\u00e9volution num\u00e9rique. C\u2019est ce qui ressort de la septi\u00e8me websession des MEDays Talks organis\u00e9e, derni\u00e8rement, sous le th\u00e8me \u00abDisruptions : de la pand\u00e9mie mondiale \u00e0 la nouvelle \u00e8re num\u00e9rique\u00bb. Initi\u00e9e par l\u2019Institut Amadeus, cette rencontre a connu la participation des responsables et des experts internationaux pour enrichir le d\u00e9bat et identifier les opportunit\u00e9s \u00e0 saisir de cette crise que traverse le monde.<\/p>\n<p>Intervenant \u00e0 cette occasion, John Paul Iwuoha, fondateur et pr\u00e9sident-directeur g\u00e9n\u00e9ral de Smallstarter Africa, a indiqu\u00e9 que plusieurs startups africaines ont fait preuve d\u2019une capacit\u00e9 d\u2019adaptation depuis l\u2019arriv\u00e9e de la pand\u00e9mie et ont su tirer profit de la situation en proc\u00e9dant \u00e0 la transformation de leurs activit\u00e9s \u00e0 m\u00eame de r\u00e9pondre aux besoins sp\u00e9cifiques pendant cette p\u00e9riode de crise. M. Iwuoha a encourag\u00e9, en plus de l\u2019investissement dans l\u2019\u00e9ducation et la promotion de l\u2019entrepreneuriat, l\u2019int\u00e9gration d\u2019une nouvelle approche genre dans les projets de d\u00e9veloppement des pays africains. Ce qui permet \u00abde mettre en place un mod\u00e8le d\u2019int\u00e9gration f\u00e9minin solide \u00e0 travers l\u2019entrepreneuriat digital\u00bb, a-t-il dit.<\/p>\n<p>De son c\u00f4t\u00e9, Ir\u00e8ne Ochem, fondatrice et pr\u00e9sidente-directrice g\u00e9n\u00e9rale du Forum des femmes africaines pour l\u2019innovation et l\u2019entrepreneuriat (AWIEF), a fait part que la pand\u00e9mie est venue aggraver les in\u00e9galit\u00e9s de genre en Afrique. Elle a encourag\u00e9 les initiatives visant \u00e0 favoriser l\u2019autonomisation de la femme africaine. Mme Ochem a mis en avant le r\u00f4le jou\u00e9 par les nouvelles technologies de l\u2019information et de la communication dans la promotion de l\u2019inclusivit\u00e9 pour les jeunes et les femmes et en Afrique. L\u2019intervenante a ainsi rappel\u00e9 l\u2019importance du programme Leadtech de l\u2019Universit\u00e9 Mohammed VI Polytechnique et l\u2019AWIEF visant au lancement d\u2019un programme d\u2019incubation au profit des startups africaines pour leur permettre d\u2019acqu\u00e9rir les connaissances ainsi que de d\u00e9velopper les comp\u00e9tences et les meilleures pratiques pour les aider \u00e0 r\u00e9aliser et \u00e0 mener bien leurs projets.<\/p>\n<p>Elle a fait part de la n\u00e9cessit\u00e9 pour l\u2019Afrique de r\u00e9inventer le syst\u00e8me \u00e9ducatif pour pouvoir offrir aux jeunes une formation \u00e0 m\u00eame de s\u2019adapter aux exigences du march\u00e9 du travail. Mme Ochem a encourag\u00e9 l\u2019int\u00e9gration du d\u00e9veloppement de l\u2019action africaine dans une logique de panafricanisme. Il s\u2019agit ainsi de \u00abpallier les d\u00e9faillances en mati\u00e8re de gouvernance, d\u2019encourager les initiatives et de mettre en place les politiques et les r\u00e9glementations ad\u00e9quates \u00e0 m\u00eame d\u2019accompagner la transition num\u00e9rique\u00bb, a-t-elle soulign\u00e9.<\/p>\n<p>Selon Olivier Kempf, directeur de La Vigie, chercheur associ\u00e9 \u00e0 la Fondation pour la recherche strat\u00e9gique et directeur de la Collection Cyberstrat\u00e9gie chez Economica, la crise sanitaire a contribu\u00e9 au renforcement des in\u00e9galit\u00e9s dans l\u2019utilisation des outils num\u00e9riques et a augment\u00e9 le risque de cyberattaques, appelant ainsi \u00e0 investir beaucoup plus dans ce domaine en vue de garantir la s\u00e9curit\u00e9 des syst\u00e8mes d\u2019information. Il a dans ce sens mis en exergue l\u2019int\u00e9r\u00eat de l\u2019Afrique et l\u2019Europe \u00e0 \u0153uvrer ensemble et mobiliser leurs efforts, \u00e0 travers un partenariat liant les deux continents et visant \u00e0 tirer profit de cette r\u00e9volution num\u00e9rique. M. Kempf a ajout\u00e9 que ce partenariat permet aux deux parties d\u2019int\u00e9grer un march\u00e9 potentiel de pr\u00e8s de 2 milliards de personnes et de pouvoir ainsi concurrencer la Chine et les Etats-Unis.<\/p>\n<p>Rappelons que les travaux des MEDays Talks se poursuivent jusqu\u2019au 17 novembre, en faisant la part belle aux sujets d\u2019actualit\u00e9 et en rapport avec le continent africain en temps et apr\u00e8s la pand\u00e9mie de Covid-19.<\/p>\n<p>Auteur: Najat Fa\u00efssal<br \/>\n<a href=\"https:\/\/aujourdhui.ma\/economie\/medays-talks-appel-a-encourager-lentrepreneuriat-feminin-dans-le-digital\">Cliquez ici pour lire l&rsquo;article depuis sa source.<\/a><\/p>\n","protected":false},"excerpt":{"rendered":"<p>Plusieurs startups africaines ont fait preuve d\u2019une capacit\u00e9 d\u2019adaptation pendant la pand\u00e9mie La pand\u00e9mie de Covid-19 a jou\u00e9 en faveur de l\u2019acc\u00e9l\u00e9ration de la transformation digitale et a montr\u00e9 la capacit\u00e9 de plusieurs startups africaines \u00e0 s\u2019adapter et mieux exploiter cette r\u00e9volution num\u00e9rique. C\u2019est ce qui ressort de la septi\u00e8me websession des MEDays Talks organis\u00e9e, [&hellip;]<\/p>\n","protected":false},"author":1759,"featured_media":104817,"comment_status":"closed","ping_status":"closed","sticky":false,"template":"","format":"standard","meta":{"fifu_image_url":"","fifu_image_alt":"","footnotes":""},"categories":[73,54],"tags":[],"class_list":["post-104816","post","type-post","status-publish","format-standard","has-post-thumbnail","hentry","category-actualite","category-maroc"],"_links":{"self":[{"href":"https:\/\/linitiative.ca\/International\/wp-json\/wp\/v2\/posts\/104816","targetHints":{"allow":["GET"]}}],"collection":[{"href":"https:\/\/linitiative.ca\/International\/wp-json\/wp\/v2\/posts"}],"about":[{"href":"https:\/\/linitiative.ca\/International\/wp-json\/wp\/v2\/types\/post"}],"author":[{"embeddable":true,"href":"https:\/\/linitiative.ca\/International\/wp-json\/wp\/v2\/users\/1759"}],"replies":[{"embeddable":true,"href":"https:\/\/linitiative.ca\/International\/wp-json\/wp\/v2\/comments?post=104816"}],"version-history":[{"count":0,"href":"https:\/\/linitiative.ca\/International\/wp-json\/wp\/v2\/posts\/104816\/revisions"}],"wp:featuredmedia":[{"embeddable":true,"href":"https:\/\/linitiative.ca\/International\/wp-json\/"}],"wp:attachment":[{"href":"https:\/\/linitiative.ca\/International\/wp-json\/wp\/v2\/media?parent=104816"}],"wp:term":[{"taxonomy":"category","embeddable":true,"href":"https:\/\/linitiative.ca\/International\/wp-json\/wp\/v2\/categories?post=104816"},{"taxonomy":"post_tag","embeddable":true,"href":"https:\/\/linitiative.ca\/International\/wp-json\/wp\/v2\/tags?post=104816"}],"curies":[{"name":"wp","href":"https:\/\/api.w.org\/{rel}","templated":true}]}}